{"id":85474,"date":"2022-02-22T10:33:29","date_gmt":"2022-02-22T09:33:29","guid":{"rendered":"https:\/\/www.kontakt-elektro.hu\/?p=85474"},"modified":"2022-02-22T10:33:29","modified_gmt":"2022-02-22T09:33:29","slug":"ket-ev-kihagyas-utan-ujra-pollack-expo-mi-ott-leszunk","status":"publish","type":"post","link":"https:\/\/www.kontakt-elektro.hu\/hu\/hirek\/ket-ev-kihagyas-utan-ujra-pollack-expo-mi-ott-leszunk\/","title":{"rendered":"K\u00e9t \u00e9v kihagy\u00e1s ut\u00e1n \u00fajra Pollack Expo. Mi ott lesz\u00fcnk!"},"content":{"rendered":"<p>Az egyetem, az ipar \u00e9s a m\u00e9rn\u00f6kt\u00e1rsadalom k\u00e9t napos rendezv\u00e9nye a P\u00e9csi Expo Centerben, 100 ki\u00e1ll\u00edt\u00f3val, 100 el\u0151ad\u00e1ssal \u00e9s id\u00e9n is ingyenes bel\u00e9p\u00e9ssel v\u00e1rja az \u00e9rdekl\u0151d\u0151ket.<\/p>\n<p>A ki\u00e1ll\u00edt\u00f3t\u00e9rben tal\u00e1lkozhattunk vel\u00fcnk szem\u00e9lyesen, bemutatjuk legfrissebb fejleszt\u00e9seinket, megny\u00edl\u00f3 poz\u00edci\u00f3inkat.\u00a0 Ugyanitt megmutatjuk saj\u00e1t fejleszt\u00e9s\u0171 hidrog\u00e9n t\u00fczel\u0151anyag-cell\u00e1s haj\u00f3nkat is, amit testk\u00f6zelb\u0151l is meg lehet vizsg\u00e1lni.<\/p>\n<p>Ezzel p\u00e1rhuzamosan, febru\u00e1r 24-\u00e9n 15:00-kor az 1. szekci\u00f3teremben \u201eHidrog\u00e9n t\u00fczel\u0151anyag-cell\u00e1s technol\u00f3gi\u00e1k alkalmaz\u00e1sa f\u00f6ld\u00f6n \u00e9s v\u00edzen\u201d c\u00edmmel tartunk el\u0151ad\u00e1st a j\u00f6v\u0151 energiaforr\u00e1s\u00e1r\u00f3l.<\/p>\n<p>Az esem\u00e9ny programf\u00fczete: <a href=\"https:\/\/pollackexpo.mik.pte.hu\/~web\/assets\/programguide\/ProgramGuide_2022_web.pdf\">https:\/\/pollackexpo.mik.pte.hu\/~web\/assets\/programguide\/ProgramGuide_2022_web.pdf<\/a><\/p>\n<p>Tal\u00e1lkozunk ott!<\/p>\n<p>&nbsp;<\/p>\n<p><img decoding=\"async\" class=\"aligncenter wp-image-85465 size-full\" src=\"https:\/\/www.kontakt-elektro.hu\/wp-content\/uploads\/2022\/02\/pollack-expo-2022pf.png\" alt=\"\" width=\"579\" height=\"287\" srcset=\"https:\/\/www.kontakt-elektro.hu\/wp-content\/uploads\/2022\/02\/pollack-expo-2022pf.png 579w, https:\/\/www.kontakt-elektro.hu\/wp-content\/uploads\/2022\/02\/pollack-expo-2022pf-300x149.png 300w\" sizes=\"(max-width: 579px) 100vw, 579px\" \/><\/p>\n","protected":false},"excerpt":{"rendered":"<p>Az egyetem, az ipar \u00e9s a m\u00e9rn\u00f6kt\u00e1rsadalom k\u00e9t napos rendezv\u00e9nye a P\u00e9csi Expo Centerben, 100 ki\u00e1ll\u00edt\u00f3val, 100 el\u0151ad\u00e1ssal \u00e9s id\u00e9n [&hellip;]<\/p>\n","protected":false},"author":4,"featured_media":85462,"comment_status":"open","ping_status":"open","sticky":false,"template":"","format":"standard","meta":{"_acf_changed":false,"footnotes":""},"categories":[172],"tags":[],"class_list":["post-85474","post","type-post","status-publish","format-standard","has-post-thumbnail","hentry","category-hirek"],"acf":[],"yoast_head":"<!-- This site is optimized with the Yoast SEO plugin v27.5 - https:\/\/yoast.com\/product\/yoast-seo-wordpress\/ -->\n<title>K\u00e9t \u00e9v kihagy\u00e1s ut\u00e1n \u00fajra Pollack Expo. Mi ott lesz\u00fcnk! - Kontakt Elektro<\/title>\n<meta name=\"robots\" content=\"index, follow, max-snippet:-1, max-image-preview:large, max-video-preview:-1\" \/>\n<link rel=\"canonical\" href=\"https:\/\/www.kontakt-elektro.hu\/hirek\/ket-ev-kihagyas-utan-ujra-pollack-expo-mi-ott-leszunk\/\" \/>\n<meta property=\"og:locale\" content=\"hu_HU\" \/>\n<meta property=\"og:type\" content=\"article\" \/>\n<meta property=\"og:title\" content=\"K\u00e9t \u00e9v kihagy\u00e1s ut\u00e1n \u00fajra Pollack Expo. Mi ott lesz\u00fcnk! - Kontakt Elektro\" \/>\n<meta property=\"og:description\" content=\"Az egyetem, az ipar \u00e9s a m\u00e9rn\u00f6kt\u00e1rsadalom k\u00e9t napos rendezv\u00e9nye a P\u00e9csi Expo Centerben, 100 ki\u00e1ll\u00edt\u00f3val, 100 el\u0151ad\u00e1ssal \u00e9s id\u00e9n [&hellip;]\" \/>\n<meta property=\"og:url\" content=\"https:\/\/www.kontakt-elektro.hu\/hirek\/ket-ev-kihagyas-utan-ujra-pollack-expo-mi-ott-leszunk\/\" \/>\n<meta property=\"og:site_name\" content=\"Kontakt Elektro\" \/>\n<meta property=\"article:publisher\" content=\"https:\/\/www.facebook.com\/KONTAKT.Elektro.Kft\/\" \/>\n<meta property=\"article:published_time\" content=\"2022-02-22T09:33:29+00:00\" \/>\n<meta property=\"og:image\" content=\"https:\/\/www.kontakt-elektro.hu\/wp-content\/uploads\/2022\/02\/pollackexpo_logo2.png\" \/>\n\t<meta property=\"og:image:width\" content=\"5906\" \/>\n\t<meta property=\"og:image:height\" content=\"1002\" \/>\n\t<meta property=\"og:image:type\" content=\"image\/png\" \/>\n<meta name=\"author\" content=\"Krisztina \u00c1ll\u00f3\" \/>\n<meta name=\"twitter:card\" content=\"summary_large_image\" \/>\n<meta name=\"twitter:label1\" content=\"Szerz\u0151:\" \/>\n\t<meta name=\"twitter:data1\" content=\"Krisztina \u00c1ll\u00f3\" \/>\n\t<meta name=\"twitter:label2\" content=\"Becs\u00fclt olvas\u00e1si id\u0151\" \/>\n\t<meta name=\"twitter:data2\" content=\"1 perc\" \/>\n<script type=\"application\/ld+json\" class=\"yoast-schema-graph\">{\"@context\":\"https:\\\/\\\/schema.org\",\"@graph\":[{\"@type\":\"Article\",\"@id\":\"https:\\\/\\\/www.kontakt-elektro.hu\\\/hirek\\\/ket-ev-kihagyas-utan-ujra-pollack-expo-mi-ott-leszunk\\\/#article\",\"isPartOf\":{\"@id\":\"https:\\\/\\\/www.kontakt-elektro.hu\\\/hirek\\\/ket-ev-kihagyas-utan-ujra-pollack-expo-mi-ott-leszunk\\\/\"},\"author\":{\"name\":\"Krisztina \u00c1ll\u00f3\",\"@id\":\"https:\\\/\\\/www.kontakt-elektro.hu\\\/#\\\/schema\\\/person\\\/1e6c1df9b1480a0591cd216932e25154\"},\"headline\":\"K\u00e9t \u00e9v kihagy\u00e1s ut\u00e1n \u00fajra Pollack Expo. Mi ott lesz\u00fcnk!\",\"datePublished\":\"2022-02-22T09:33:29+00:00\",\"mainEntityOfPage\":{\"@id\":\"https:\\\/\\\/www.kontakt-elektro.hu\\\/hirek\\\/ket-ev-kihagyas-utan-ujra-pollack-expo-mi-ott-leszunk\\\/\"},\"wordCount\":161,\"commentCount\":0,\"publisher\":{\"@id\":\"https:\\\/\\\/www.kontakt-elektro.hu\\\/#organization\"},\"image\":{\"@id\":\"https:\\\/\\\/www.kontakt-elektro.hu\\\/hirek\\\/ket-ev-kihagyas-utan-ujra-pollack-expo-mi-ott-leszunk\\\/#primaryimage\"},\"thumbnailUrl\":\"https:\\\/\\\/www.kontakt-elektro.hu\\\/wp-content\\\/uploads\\\/2022\\\/02\\\/pollackexpo_logo2.png\",\"articleSection\":[\"H\u00edrek\"],\"inLanguage\":\"hu\",\"potentialAction\":[{\"@type\":\"CommentAction\",\"name\":\"Comment\",\"target\":[\"https:\\\/\\\/www.kontakt-elektro.hu\\\/hirek\\\/ket-ev-kihagyas-utan-ujra-pollack-expo-mi-ott-leszunk\\\/#respond\"]}]},{\"@type\":\"WebPage\",\"@id\":\"https:\\\/\\\/www.kontakt-elektro.hu\\\/hirek\\\/ket-ev-kihagyas-utan-ujra-pollack-expo-mi-ott-leszunk\\\/\",\"url\":\"https:\\\/\\\/www.kontakt-elektro.hu\\\/hirek\\\/ket-ev-kihagyas-utan-ujra-pollack-expo-mi-ott-leszunk\\\/\",\"name\":\"K\u00e9t \u00e9v kihagy\u00e1s ut\u00e1n \u00fajra Pollack Expo. Mi ott lesz\u00fcnk! - Kontakt Elektro\",\"isPartOf\":{\"@id\":\"https:\\\/\\\/www.kontakt-elektro.hu\\\/#website\"},\"primaryImageOfPage\":{\"@id\":\"https:\\\/\\\/www.kontakt-elektro.hu\\\/hirek\\\/ket-ev-kihagyas-utan-ujra-pollack-expo-mi-ott-leszunk\\\/#primaryimage\"},\"image\":{\"@id\":\"https:\\\/\\\/www.kontakt-elektro.hu\\\/hirek\\\/ket-ev-kihagyas-utan-ujra-pollack-expo-mi-ott-leszunk\\\/#primaryimage\"},\"thumbnailUrl\":\"https:\\\/\\\/www.kontakt-elektro.hu\\\/wp-content\\\/uploads\\\/2022\\\/02\\\/pollackexpo_logo2.png\",\"datePublished\":\"2022-02-22T09:33:29+00:00\",\"breadcrumb\":{\"@id\":\"https:\\\/\\\/www.kontakt-elektro.hu\\\/hirek\\\/ket-ev-kihagyas-utan-ujra-pollack-expo-mi-ott-leszunk\\\/#breadcrumb\"},\"inLanguage\":\"hu\",\"potentialAction\":[{\"@type\":\"ReadAction\",\"target\":[\"https:\\\/\\\/www.kontakt-elektro.hu\\\/hirek\\\/ket-ev-kihagyas-utan-ujra-pollack-expo-mi-ott-leszunk\\\/\"]}]},{\"@type\":\"ImageObject\",\"inLanguage\":\"hu\",\"@id\":\"https:\\\/\\\/www.kontakt-elektro.hu\\\/hirek\\\/ket-ev-kihagyas-utan-ujra-pollack-expo-mi-ott-leszunk\\\/#primaryimage\",\"url\":\"https:\\\/\\\/www.kontakt-elektro.hu\\\/wp-content\\\/uploads\\\/2022\\\/02\\\/pollackexpo_logo2.png\",\"contentUrl\":\"https:\\\/\\\/www.kontakt-elektro.hu\\\/wp-content\\\/uploads\\\/2022\\\/02\\\/pollackexpo_logo2.png\",\"width\":5906,\"height\":1002},{\"@type\":\"BreadcrumbList\",\"@id\":\"https:\\\/\\\/www.kontakt-elektro.hu\\\/hirek\\\/ket-ev-kihagyas-utan-ujra-pollack-expo-mi-ott-leszunk\\\/#breadcrumb\",\"itemListElement\":[{\"@type\":\"ListItem\",\"position\":1,\"name\":\"kezd\u0151lap\",\"item\":\"https:\\\/\\\/www.kontakt-elektro.hu\\\/\"},{\"@type\":\"ListItem\",\"position\":2,\"name\":\"K\u00e9t \u00e9v kihagy\u00e1s ut\u00e1n \u00fajra Pollack Expo. Mi ott lesz\u00fcnk!\"}]},{\"@type\":\"WebSite\",\"@id\":\"https:\\\/\\\/www.kontakt-elektro.hu\\\/#website\",\"url\":\"https:\\\/\\\/www.kontakt-elektro.hu\\\/\",\"name\":\"Kontakt Elektro\",\"description\":\"\",\"publisher\":{\"@id\":\"https:\\\/\\\/www.kontakt-elektro.hu\\\/#organization\"},\"potentialAction\":[{\"@type\":\"SearchAction\",\"target\":{\"@type\":\"EntryPoint\",\"urlTemplate\":\"https:\\\/\\\/www.kontakt-elektro.hu\\\/?s={search_term_string}\"},\"query-input\":{\"@type\":\"PropertyValueSpecification\",\"valueRequired\":true,\"valueName\":\"search_term_string\"}}],\"inLanguage\":\"hu\"},{\"@type\":\"Organization\",\"@id\":\"https:\\\/\\\/www.kontakt-elektro.hu\\\/#organization\",\"name\":\"Kontakt Elektro\",\"url\":\"https:\\\/\\\/www.kontakt-elektro.hu\\\/\",\"logo\":{\"@type\":\"ImageObject\",\"inLanguage\":\"hu\",\"@id\":\"https:\\\/\\\/www.kontakt-elektro.hu\\\/#\\\/schema\\\/logo\\\/image\\\/\",\"url\":\"https:\\\/\\\/www.kontakt-elektro.hu\\\/wp-content\\\/uploads\\\/2021\\\/05\\\/Kontakt-Elektro.jpg\",\"contentUrl\":\"https:\\\/\\\/www.kontakt-elektro.hu\\\/wp-content\\\/uploads\\\/2021\\\/05\\\/Kontakt-Elektro.jpg\",\"width\":1200,\"height\":630,\"caption\":\"Kontakt Elektro\"},\"image\":{\"@id\":\"https:\\\/\\\/www.kontakt-elektro.hu\\\/#\\\/schema\\\/logo\\\/image\\\/\"},\"sameAs\":[\"https:\\\/\\\/www.facebook.com\\\/KONTAKT.Elektro.Kft\\\/\",\"https:\\\/\\\/www.linkedin.com\\\/company\\\/kontakt-elektro-ltd.\"]},{\"@type\":\"Person\",\"@id\":\"https:\\\/\\\/www.kontakt-elektro.hu\\\/#\\\/schema\\\/person\\\/1e6c1df9b1480a0591cd216932e25154\",\"name\":\"Krisztina \u00c1ll\u00f3\",\"image\":{\"@type\":\"ImageObject\",\"inLanguage\":\"hu\",\"@id\":\"https:\\\/\\\/secure.gravatar.com\\\/avatar\\\/ad9101c684d73968ad41248dbed349702a5f84824cf1310e7cf439ceeedafa3d?s=96&d=mm&r=g\",\"url\":\"https:\\\/\\\/secure.gravatar.com\\\/avatar\\\/ad9101c684d73968ad41248dbed349702a5f84824cf1310e7cf439ceeedafa3d?s=96&d=mm&r=g\",\"contentUrl\":\"https:\\\/\\\/secure.gravatar.com\\\/avatar\\\/ad9101c684d73968ad41248dbed349702a5f84824cf1310e7cf439ceeedafa3d?s=96&d=mm&r=g\",\"caption\":\"Krisztina \u00c1ll\u00f3\"},\"url\":\"https:\\\/\\\/www.kontakt-elektro.hu\\\/hu\\\/author\\\/k-allo\\\/\"}]}<\/script>\n<!-- \/ Yoast SEO plugin. -->","yoast_head_json":{"title":"K\u00e9t \u00e9v kihagy\u00e1s ut\u00e1n \u00fajra Pollack Expo. Mi ott lesz\u00fcnk! - Kontakt Elektro","robots":{"index":"index","follow":"follow","max-snippet":"max-snippet:-1","max-image-preview":"max-image-preview:large","max-video-preview":"max-video-preview:-1"},"canonical":"https:\/\/www.kontakt-elektro.hu\/hirek\/ket-ev-kihagyas-utan-ujra-pollack-expo-mi-ott-leszunk\/","og_locale":"hu_HU","og_type":"article","og_title":"K\u00e9t \u00e9v kihagy\u00e1s ut\u00e1n \u00fajra Pollack Expo. Mi ott lesz\u00fcnk! - Kontakt Elektro","og_description":"Az egyetem, az ipar \u00e9s a m\u00e9rn\u00f6kt\u00e1rsadalom k\u00e9t napos rendezv\u00e9nye a P\u00e9csi Expo Centerben, 100 ki\u00e1ll\u00edt\u00f3val, 100 el\u0151ad\u00e1ssal \u00e9s id\u00e9n [&hellip;]","og_url":"https:\/\/www.kontakt-elektro.hu\/hirek\/ket-ev-kihagyas-utan-ujra-pollack-expo-mi-ott-leszunk\/","og_site_name":"Kontakt Elektro","article_publisher":"https:\/\/www.facebook.com\/KONTAKT.Elektro.Kft\/","article_published_time":"2022-02-22T09:33:29+00:00","og_image":[{"width":5906,"height":1002,"url":"https:\/\/www.kontakt-elektro.hu\/wp-content\/uploads\/2022\/02\/pollackexpo_logo2.png","type":"image\/png"}],"author":"Krisztina \u00c1ll\u00f3","twitter_card":"summary_large_image","twitter_misc":{"Szerz\u0151:":"Krisztina \u00c1ll\u00f3","Becs\u00fclt olvas\u00e1si id\u0151":"1 perc"},"schema":{"@context":"https:\/\/schema.org","@graph":[{"@type":"Article","@id":"https:\/\/www.kontakt-elektro.hu\/hirek\/ket-ev-kihagyas-utan-ujra-pollack-expo-mi-ott-leszunk\/#article","isPartOf":{"@id":"https:\/\/www.kontakt-elektro.hu\/hirek\/ket-ev-kihagyas-utan-ujra-pollack-expo-mi-ott-leszunk\/"},"author":{"name":"Krisztina \u00c1ll\u00f3","@id":"https:\/\/www.kontakt-elektro.hu\/#\/schema\/person\/1e6c1df9b1480a0591cd216932e25154"},"headline":"K\u00e9t \u00e9v kihagy\u00e1s ut\u00e1n \u00fajra Pollack Expo. Mi ott lesz\u00fcnk!","datePublished":"2022-02-22T09:33:29+00:00","mainEntityOfPage":{"@id":"https:\/\/www.kontakt-elektro.hu\/hirek\/ket-ev-kihagyas-utan-ujra-pollack-expo-mi-ott-leszunk\/"},"wordCount":161,"commentCount":0,"publisher":{"@id":"https:\/\/www.kontakt-elektro.hu\/#organization"},"image":{"@id":"https:\/\/www.kontakt-elektro.hu\/hirek\/ket-ev-kihagyas-utan-ujra-pollack-expo-mi-ott-leszunk\/#primaryimage"},"thumbnailUrl":"https:\/\/www.kontakt-elektro.hu\/wp-content\/uploads\/2022\/02\/pollackexpo_logo2.png","articleSection":["H\u00edrek"],"inLanguage":"hu","potentialAction":[{"@type":"CommentAction","name":"Comment","target":["https:\/\/www.kontakt-elektro.hu\/hirek\/ket-ev-kihagyas-utan-ujra-pollack-expo-mi-ott-leszunk\/#respond"]}]},{"@type":"WebPage","@id":"https:\/\/www.kontakt-elektro.hu\/hirek\/ket-ev-kihagyas-utan-ujra-pollack-expo-mi-ott-leszunk\/","url":"https:\/\/www.kontakt-elektro.hu\/hirek\/ket-ev-kihagyas-utan-ujra-pollack-expo-mi-ott-leszunk\/","name":"K\u00e9t \u00e9v kihagy\u00e1s ut\u00e1n \u00fajra Pollack Expo. Mi ott lesz\u00fcnk! - Kontakt Elektro","isPartOf":{"@id":"https:\/\/www.kontakt-elektro.hu\/#website"},"primaryImageOfPage":{"@id":"https:\/\/www.kontakt-elektro.hu\/hirek\/ket-ev-kihagyas-utan-ujra-pollack-expo-mi-ott-leszunk\/#primaryimage"},"image":{"@id":"https:\/\/www.kontakt-elektro.hu\/hirek\/ket-ev-kihagyas-utan-ujra-pollack-expo-mi-ott-leszunk\/#primaryimage"},"thumbnailUrl":"https:\/\/www.kontakt-elektro.hu\/wp-content\/uploads\/2022\/02\/pollackexpo_logo2.png","datePublished":"2022-02-22T09:33:29+00:00","breadcrumb":{"@id":"https:\/\/www.kontakt-elektro.hu\/hirek\/ket-ev-kihagyas-utan-ujra-pollack-expo-mi-ott-leszunk\/#breadcrumb"},"inLanguage":"hu","potentialAction":[{"@type":"ReadAction","target":["https:\/\/www.kontakt-elektro.hu\/hirek\/ket-ev-kihagyas-utan-ujra-pollack-expo-mi-ott-leszunk\/"]}]},{"@type":"ImageObject","inLanguage":"hu","@id":"https:\/\/www.kontakt-elektro.hu\/hirek\/ket-ev-kihagyas-utan-ujra-pollack-expo-mi-ott-leszunk\/#primaryimage","url":"https:\/\/www.kontakt-elektro.hu\/wp-content\/uploads\/2022\/02\/pollackexpo_logo2.png","contentUrl":"https:\/\/www.kontakt-elektro.hu\/wp-content\/uploads\/2022\/02\/pollackexpo_logo2.png","width":5906,"height":1002},{"@type":"BreadcrumbList","@id":"https:\/\/www.kontakt-elektro.hu\/hirek\/ket-ev-kihagyas-utan-ujra-pollack-expo-mi-ott-leszunk\/#breadcrumb","itemListElement":[{"@type":"ListItem","position":1,"name":"kezd\u0151lap","item":"https:\/\/www.kontakt-elektro.hu\/"},{"@type":"ListItem","position":2,"name":"K\u00e9t \u00e9v kihagy\u00e1s ut\u00e1n \u00fajra Pollack Expo. Mi ott lesz\u00fcnk!"}]},{"@type":"WebSite","@id":"https:\/\/www.kontakt-elektro.hu\/#website","url":"https:\/\/www.kontakt-elektro.hu\/","name":"Kontakt Elektro","description":"","publisher":{"@id":"https:\/\/www.kontakt-elektro.hu\/#organization"},"potentialAction":[{"@type":"SearchAction","target":{"@type":"EntryPoint","urlTemplate":"https:\/\/www.kontakt-elektro.hu\/?s={search_term_string}"},"query-input":{"@type":"PropertyValueSpecification","valueRequired":true,"valueName":"search_term_string"}}],"inLanguage":"hu"},{"@type":"Organization","@id":"https:\/\/www.kontakt-elektro.hu\/#organization","name":"Kontakt Elektro","url":"https:\/\/www.kontakt-elektro.hu\/","logo":{"@type":"ImageObject","inLanguage":"hu","@id":"https:\/\/www.kontakt-elektro.hu\/#\/schema\/logo\/image\/","url":"https:\/\/www.kontakt-elektro.hu\/wp-content\/uploads\/2021\/05\/Kontakt-Elektro.jpg","contentUrl":"https:\/\/www.kontakt-elektro.hu\/wp-content\/uploads\/2021\/05\/Kontakt-Elektro.jpg","width":1200,"height":630,"caption":"Kontakt Elektro"},"image":{"@id":"https:\/\/www.kontakt-elektro.hu\/#\/schema\/logo\/image\/"},"sameAs":["https:\/\/www.facebook.com\/KONTAKT.Elektro.Kft\/","https:\/\/www.linkedin.com\/company\/kontakt-elektro-ltd."]},{"@type":"Person","@id":"https:\/\/www.kontakt-elektro.hu\/#\/schema\/person\/1e6c1df9b1480a0591cd216932e25154","name":"Krisztina \u00c1ll\u00f3","image":{"@type":"ImageObject","inLanguage":"hu","@id":"https:\/\/secure.gravatar.com\/avatar\/ad9101c684d73968ad41248dbed349702a5f84824cf1310e7cf439ceeedafa3d?s=96&d=mm&r=g","url":"https:\/\/secure.gravatar.com\/avatar\/ad9101c684d73968ad41248dbed349702a5f84824cf1310e7cf439ceeedafa3d?s=96&d=mm&r=g","contentUrl":"https:\/\/secure.gravatar.com\/avatar\/ad9101c684d73968ad41248dbed349702a5f84824cf1310e7cf439ceeedafa3d?s=96&d=mm&r=g","caption":"Krisztina \u00c1ll\u00f3"},"url":"https:\/\/www.kontakt-elektro.hu\/hu\/author\/k-allo\/"}]}},"_links":{"self":[{"href":"https:\/\/www.kontakt-elektro.hu\/hu\/wp-json\/wp\/v2\/posts\/85474","targetHints":{"allow":["GET"]}}],"collection":[{"href":"https:\/\/www.kontakt-elektro.hu\/hu\/wp-json\/wp\/v2\/posts"}],"about":[{"href":"https:\/\/www.kontakt-elektro.hu\/hu\/wp-json\/wp\/v2\/types\/post"}],"author":[{"embeddable":true,"href":"https:\/\/www.kontakt-elektro.hu\/hu\/wp-json\/wp\/v2\/users\/4"}],"replies":[{"embeddable":true,"href":"https:\/\/www.kontakt-elektro.hu\/hu\/wp-json\/wp\/v2\/comments?post=85474"}],"version-history":[{"count":0,"href":"https:\/\/www.kontakt-elektro.hu\/hu\/wp-json\/wp\/v2\/posts\/85474\/revisions"}],"wp:featuredmedia":[{"embeddable":true,"href":"https:\/\/www.kontakt-elektro.hu\/hu\/wp-json\/wp\/v2\/media\/85462"}],"wp:attachment":[{"href":"https:\/\/www.kontakt-elektro.hu\/hu\/wp-json\/wp\/v2\/media?parent=85474"}],"wp:term":[{"taxonomy":"category","embeddable":true,"href":"https:\/\/www.kontakt-elektro.hu\/hu\/wp-json\/wp\/v2\/categories?post=85474"},{"taxonomy":"post_tag","embeddable":true,"href":"https:\/\/www.kontakt-elektro.hu\/hu\/wp-json\/wp\/v2\/tags?post=85474"}],"curies":[{"name":"wp","href":"https:\/\/api.w.org\/{rel}","templated":true}]}}