{"id":83166,"date":"2020-08-19T09:05:32","date_gmt":"2020-08-19T07:05:32","guid":{"rendered":"http:\/\/www.kontakt-elektro.hu\/?p=83166"},"modified":"2020-09-17T13:36:58","modified_gmt":"2020-09-17T11:36:58","slug":"gop","status":"publish","type":"post","link":"https:\/\/www.kontakt-elektro.hu\/hu\/palyazat\/gop\/","title":{"rendered":"GOP"},"content":{"rendered":"<div class=\"wpb-content-wrapper\"><p>[vc_row row_height_percent=&#8221;0&#8243; override_padding=&#8221;yes&#8221; h_padding=&#8221;2&#8243; top_padding=&#8221;3&#8243; bottom_padding=&#8221;3&#8243; overlay_alpha=&#8221;50&#8243; gutter_size=&#8221;3&#8243; column_width_use_pixel=&#8221;yes&#8221; shift_y=&#8221;0&#8243; z_index=&#8221;0&#8243; column_width_pixel=&#8221;800&#8243;][vc_column width=&#8221;1\/1&#8243;][vc_single_image media=&#8221;83256&#8243; media_width_percent=&#8221;50&#8243; alignment=&#8221;center&#8221;][vc_column_text]<\/p>\n<p style=\"font-weight: 400;\"><strong>GOP-1.1.1-09\/1-2010-0033 p\u00e1ly\u00e1zat<\/strong><\/p>\n<p style=\"font-weight: 400;\"><strong>A\u00a0\u00a0GOP-1<\/strong><strong>.1.1-09\/1-2010-0033<\/strong>\u00a0<strong>projekt az Eur\u00f3pai Uni\u00f3 t\u00e1mogat\u00e1s\u00e1val, az \u00daj Magyarorsz\u00e1g Fejleszt\u00e9si Terv Gazdas\u00e1gfejleszt\u00e9si Operat\u00edv Program, Piacorient\u00e1lt kutat\u00e1s-fejleszt\u00e9si tev\u00e9kenys\u00e9g t\u00e1mogat\u00e1sa<\/strong><\/p>\n<p style=\"font-weight: 400;\"><strong>Projekt neve:\u00a0\u00a0Hidrog\u00e9n\u00fczem\u0171<\/strong>\u00a0t\u00fczel\u0151anyag-cell\u00e1k elektrok\u00e9miai reaktor\u00e1nak (stack) alapkutat\u00e1sok eredm\u00e9nyein alapul\u00f3 fejleszt\u00e9se valamint a hazai gy\u00e1rt\u00e1s el\u0151k\u00e9sz\u00edt\u00e9shez sz\u00fcks\u00e9ges k\u00eds\u00e9rleti fejleszt\u00e9s, protot\u00edpusgy\u00e1rt\u00e1s<\/p>\n<p style=\"font-weight: 400;\"><strong>Projekt le\u00edr\u00e1sa (\u00e1ltal\u00e1nos le\u00edr\u00e1s, m\u0171szaki adatok):\u00a0<\/strong>A projekt a k\u00e9tf\u00e9mes\u00a0Pt\u00a0alap\u00fa an\u00f3d\u00a0elektro-kataliz\u00e1torok\u00a0el\u0151\u00e1ll\u00edt\u00e1s\u00e1t c\u00e9lz\u00f3 alapkutat\u00e1sok eredm\u00e9ny\u00e9t felhaszn\u00e1l\u00f3 alkalmazott kutat\u00e1s, valamint a kutat\u00e1s eredm\u00e9nyek\u00e9nt l\u00e9trej\u00f6tt kataliz\u00e1tor kompoz\u00edci\u00f3 felhaszn\u00e1l\u00e1s\u00e1val k\u00e9sz\u00fclt t\u00fczel\u0151anyag cella\u00a0stack\u00a0el\u0151\u00e1ll\u00edt\u00e1sa.<\/p>\n<p style=\"font-weight: 400;\">A fenti alapkutat\u00e1sok eredm\u00e9nyek\u00e9ppen lehet\u0151s\u00e9g ny\u00edlik a hosszabb \u00e9lettartam\u00fa kataliz\u00e1torok el\u0151\u00e1ll\u00edt\u00e1s\u00e1ra, amely a hazai t\u00fczel\u0151anyag-cella gy\u00e1rt\u00e1s alapja.<\/p>\n<p style=\"font-weight: 400;\">\n<p style=\"font-weight: 400;\"><strong>Kedvezm\u00e9nyezett neve \u00e9s el\u00e9rhet\u0151s\u00e9ge:\u00a0<\/strong>KONTAKT-ELEKTRO Kft,\u00a0\u00a07630 P\u00e9cs, Moh\u00e1csi \u00fat 79.<br \/>\n<strong>A projekt\u00a0tervezett\u00a0\u00a0k\u00f6lts\u00e9ge:\u00a0\u00a0<\/strong>160.416.501 Ft<br \/>\n<strong>A projektt\u00e1mogat\u00e1s \u00f6sszege:\u00a0\u00a0\u00a0119.<\/strong>551.552 Ft<br \/>\n<strong>Ir\u00e1ny\u00edt\u00f3 hat\u00f3s\u00e1g neve \u00e9s el\u00e9rhet\u0151s\u00e9ge: <\/strong>Nemzeti\u00a0Fejleszt\u00e9si \u00dcgyn\u00f6ks\u00e9g, 1077 Budapest,<\/p>\n<p style=\"font-weight: 400;\">Wessel\u00e9nyi u. 20-22. tel: 06 40\u00a0638-638<\/p>\n<p style=\"font-weight: 400;\"><strong><a href=\"http:\/\/www.nfu.hu\/\">www.nfi.hu<\/a><\/strong><\/p>\n<p style=\"font-weight: 400;\"><strong>K\u00f6zrem\u0171k\u00f6d\u0151 szervezet neve \u00e9s el\u00e9rhet\u0151s\u00e9ge: <\/strong>MAG\u00a0&#8211;\u00a0\u00a0Magyar\u00a0Gazdas\u00e1gfejleszt\u00e9si K\u00f6zpont\u00a0Zrt\u00a0\u00a01139 Budapest, V\u00e1ci \u00fat 83.<\/p>\n<p style=\"font-weight: 400;\"><strong><a href=\"http:\/\/www.magzrt.hu\/\">mhttp:\/\/magzrt.hu\/<\/a><\/strong><\/p>\n<p>[\/vc_column_text][\/vc_column][\/vc_row][vc_row row_height_percent=&#8221;0&#8243; override_padding=&#8221;yes&#8221; h_padding=&#8221;2&#8243; top_padding=&#8221;2&#8243; bottom_padding=&#8221;3&#8243; overlay_alpha=&#8221;50&#8243; gutter_size=&#8221;3&#8243; column_width_percent=&#8221;100&#8243; shift_y=&#8221;0&#8243; z_index=&#8221;0&#8243;][vc_column column_width_percent=&#8221;100&#8243; gutter_size=&#8221;2&#8243; overlay_alpha=&#8221;50&#8243; shift_x=&#8221;0&#8243; shift_y=&#8221;0&#8243; shift_y_down=&#8221;0&#8243; z_index=&#8221;0&#8243; medium_width=&#8221;0&#8243; mobile_width=&#8221;0&#8243; width=&#8221;1\/1&#8243;][vc_column_text el_class=&#8221;section-title&#8221;]<b>Tov\u00e1bbi<\/b><strong>\u00a0<\/strong><b>p\u00e1ly\u00e1zatok<\/b>[\/vc_column_text][vc_separator sep_color=&#8221;color-133154&#8243; el_height=&#8221;1px&#8221;][vc_empty_space empty_h=&#8221;2&#8243;][uncode_index el_id=&#8221;index-131091&#8243; loop=&#8221;size:4|order_by:date|post_type:post|categories:178&#8243; gutter_size=&#8221;3&#8243; post_items=&#8221;media|featured|onpost|original,title,text|excerpt|90&#8243; screen_lg=&#8221;1000&#8243; screen_md=&#8221;600&#8243; screen_sm=&#8221;480&#8243; single_width=&#8221;3&#8243; images_size=&#8221;two-one&#8221; single_overlay_opacity=&#8221;50&#8243; single_overlay_anim=&#8221;no&#8221; single_padding=&#8221;2&#8243; single_title_semantic=&#8221;h4&#8243; single_title_dimension=&#8221;h4&#8243; single_title_weight=&#8221;700&#8243;][\/vc_column][\/vc_row][vc_row unlock_row_content=&#8221;yes&#8221; row_height_percent=&#8221;0&#8243; override_padding=&#8221;yes&#8221; h_padding=&#8221;0&#8243; top_padding=&#8221;2&#8243; bottom_padding=&#8221;2&#8243; overlay_alpha=&#8221;50&#8243; gutter_size=&#8221;3&#8243; column_width_percent=&#8221;100&#8243; shift_y=&#8221;0&#8243; z_index=&#8221;0&#8243;][vc_column width=&#8221;1\/1&#8243;][uncode_block id=&#8221;83020&#8243;][\/vc_column][\/vc_row]<\/p>\n<\/div>","protected":false},"excerpt":{"rendered":"<p>Hidrog\u00e9n\u00fczem\u0171 t\u00fczel\u0151anyag-cell\u00e1k elektrok\u00e9miai reaktor\u00e1nak (stack) alapkutat\u00e1sok eredm\u00e9nyein alapul\u00f3 fejleszt\u00e9se valamint a hazai gy\u00e1rt\u00e1s el\u0151k\u00e9sz\u00edt\u00e9shez sz\u00fcks\u00e9ges k\u00eds\u00e9rleti fejleszt\u00e9s, protot\u00edpusgy\u00e1rt\u00e1s<\/p>\n","protected":false},"author":2,"featured_media":83256,"comment_status":"open","ping_status":"open","sticky":false,"template":"","format":"standard","meta":{"_acf_changed":false,"footnotes":""},"categories":[178],"tags":[],"class_list":["post-83166","post","type-post","status-publish","format-standard","has-post-thumbnail","hentry","category-palyazat"],"acf":[],"yoast_head":"<!-- This site is optimized with the Yoast SEO plugin v27.5 - https:\/\/yoast.com\/product\/yoast-seo-wordpress\/ -->\n<title>GOP - Kontakt Elektro<\/title>\n<meta name=\"robots\" content=\"index, follow, max-snippet:-1, max-image-preview:large, max-video-preview:-1\" \/>\n<link rel=\"canonical\" href=\"https:\/\/www.kontakt-elektro.hu\/palyazat\/gop\/\" \/>\n<meta property=\"og:locale\" content=\"hu_HU\" \/>\n<meta property=\"og:type\" content=\"article\" \/>\n<meta property=\"og:title\" content=\"GOP - Kontakt Elektro\" \/>\n<meta property=\"og:description\" content=\"Hidrog\u00e9n\u00fczem\u0171 t\u00fczel\u0151anyag-cell\u00e1k elektrok\u00e9miai reaktor\u00e1nak (stack) alapkutat\u00e1sok eredm\u00e9nyein alapul\u00f3 fejleszt\u00e9se valamint a hazai gy\u00e1rt\u00e1s el\u0151k\u00e9sz\u00edt\u00e9shez sz\u00fcks\u00e9ges k\u00eds\u00e9rleti fejleszt\u00e9s, protot\u00edpusgy\u00e1rt\u00e1s\" \/>\n<meta property=\"og:url\" content=\"https:\/\/www.kontakt-elektro.hu\/palyazat\/gop\/\" \/>\n<meta property=\"og:site_name\" content=\"Kontakt Elektro\" \/>\n<meta property=\"article:publisher\" content=\"https:\/\/www.facebook.com\/KONTAKT.Elektro.Kft\/\" \/>\n<meta property=\"article:published_time\" content=\"2020-08-19T07:05:32+00:00\" \/>\n<meta property=\"article:modified_time\" content=\"2020-09-17T11:36:58+00:00\" \/>\n<meta property=\"og:image\" content=\"https:\/\/www.kontakt-elektro.hu\/wp-content\/uploads\/2020\/08\/mo_megujul.jpg\" \/>\n\t<meta property=\"og:image:width\" content=\"704\" \/>\n\t<meta property=\"og:image:height\" content=\"292\" \/>\n\t<meta property=\"og:image:type\" content=\"image\/jpeg\" \/>\n<meta name=\"author\" content=\"W5Labs\" \/>\n<meta name=\"twitter:card\" content=\"summary_large_image\" \/>\n<meta name=\"twitter:label1\" content=\"Szerz\u0151:\" \/>\n\t<meta name=\"twitter:data1\" content=\"W5Labs\" \/>\n\t<meta name=\"twitter:label2\" content=\"Becs\u00fclt olvas\u00e1si id\u0151\" \/>\n\t<meta name=\"twitter:data2\" content=\"3 perc\" \/>\n<script type=\"application\/ld+json\" class=\"yoast-schema-graph\">{\"@context\":\"https:\\\/\\\/schema.org\",\"@graph\":[{\"@type\":\"Article\",\"@id\":\"https:\\\/\\\/www.kontakt-elektro.hu\\\/palyazat\\\/gop\\\/#article\",\"isPartOf\":{\"@id\":\"https:\\\/\\\/www.kontakt-elektro.hu\\\/palyazat\\\/gop\\\/\"},\"author\":{\"name\":\"W5Labs\",\"@id\":\"https:\\\/\\\/www.kontakt-elektro.hu\\\/#\\\/schema\\\/person\\\/232cdd3f357932d0a3d723c68b15b6de\"},\"headline\":\"GOP\",\"datePublished\":\"2020-08-19T07:05:32+00:00\",\"dateModified\":\"2020-09-17T11:36:58+00:00\",\"mainEntityOfPage\":{\"@id\":\"https:\\\/\\\/www.kontakt-elektro.hu\\\/palyazat\\\/gop\\\/\"},\"wordCount\":502,\"commentCount\":0,\"publisher\":{\"@id\":\"https:\\\/\\\/www.kontakt-elektro.hu\\\/#organization\"},\"image\":{\"@id\":\"https:\\\/\\\/www.kontakt-elektro.hu\\\/palyazat\\\/gop\\\/#primaryimage\"},\"thumbnailUrl\":\"https:\\\/\\\/www.kontakt-elektro.hu\\\/wp-content\\\/uploads\\\/2020\\\/08\\\/mo_megujul.jpg\",\"articleSection\":[\"P\u00e1ly\u00e1zat\"],\"inLanguage\":\"hu\",\"potentialAction\":[{\"@type\":\"CommentAction\",\"name\":\"Comment\",\"target\":[\"https:\\\/\\\/www.kontakt-elektro.hu\\\/palyazat\\\/gop\\\/#respond\"]}]},{\"@type\":\"WebPage\",\"@id\":\"https:\\\/\\\/www.kontakt-elektro.hu\\\/palyazat\\\/gop\\\/\",\"url\":\"https:\\\/\\\/www.kontakt-elektro.hu\\\/palyazat\\\/gop\\\/\",\"name\":\"GOP - Kontakt Elektro\",\"isPartOf\":{\"@id\":\"https:\\\/\\\/www.kontakt-elektro.hu\\\/#website\"},\"primaryImageOfPage\":{\"@id\":\"https:\\\/\\\/www.kontakt-elektro.hu\\\/palyazat\\\/gop\\\/#primaryimage\"},\"image\":{\"@id\":\"https:\\\/\\\/www.kontakt-elektro.hu\\\/palyazat\\\/gop\\\/#primaryimage\"},\"thumbnailUrl\":\"https:\\\/\\\/www.kontakt-elektro.hu\\\/wp-content\\\/uploads\\\/2020\\\/08\\\/mo_megujul.jpg\",\"datePublished\":\"2020-08-19T07:05:32+00:00\",\"dateModified\":\"2020-09-17T11:36:58+00:00\",\"breadcrumb\":{\"@id\":\"https:\\\/\\\/www.kontakt-elektro.hu\\\/palyazat\\\/gop\\\/#breadcrumb\"},\"inLanguage\":\"hu\",\"potentialAction\":[{\"@type\":\"ReadAction\",\"target\":[\"https:\\\/\\\/www.kontakt-elektro.hu\\\/palyazat\\\/gop\\\/\"]}]},{\"@type\":\"ImageObject\",\"inLanguage\":\"hu\",\"@id\":\"https:\\\/\\\/www.kontakt-elektro.hu\\\/palyazat\\\/gop\\\/#primaryimage\",\"url\":\"https:\\\/\\\/www.kontakt-elektro.hu\\\/wp-content\\\/uploads\\\/2020\\\/08\\\/mo_megujul.jpg\",\"contentUrl\":\"https:\\\/\\\/www.kontakt-elektro.hu\\\/wp-content\\\/uploads\\\/2020\\\/08\\\/mo_megujul.jpg\",\"width\":704,\"height\":292},{\"@type\":\"BreadcrumbList\",\"@id\":\"https:\\\/\\\/www.kontakt-elektro.hu\\\/palyazat\\\/gop\\\/#breadcrumb\",\"itemListElement\":[{\"@type\":\"ListItem\",\"position\":1,\"name\":\"kezd\u0151lap\",\"item\":\"https:\\\/\\\/www.kontakt-elektro.hu\\\/\"},{\"@type\":\"ListItem\",\"position\":2,\"name\":\"GOP\"}]},{\"@type\":\"WebSite\",\"@id\":\"https:\\\/\\\/www.kontakt-elektro.hu\\\/#website\",\"url\":\"https:\\\/\\\/www.kontakt-elektro.hu\\\/\",\"name\":\"Kontakt Elektro\",\"description\":\"\",\"publisher\":{\"@id\":\"https:\\\/\\\/www.kontakt-elektro.hu\\\/#organization\"},\"potentialAction\":[{\"@type\":\"SearchAction\",\"target\":{\"@type\":\"EntryPoint\",\"urlTemplate\":\"https:\\\/\\\/www.kontakt-elektro.hu\\\/?s={search_term_string}\"},\"query-input\":{\"@type\":\"PropertyValueSpecification\",\"valueRequired\":true,\"valueName\":\"search_term_string\"}}],\"inLanguage\":\"hu\"},{\"@type\":\"Organization\",\"@id\":\"https:\\\/\\\/www.kontakt-elektro.hu\\\/#organization\",\"name\":\"Kontakt Elektro\",\"url\":\"https:\\\/\\\/www.kontakt-elektro.hu\\\/\",\"logo\":{\"@type\":\"ImageObject\",\"inLanguage\":\"hu\",\"@id\":\"https:\\\/\\\/www.kontakt-elektro.hu\\\/#\\\/schema\\\/logo\\\/image\\\/\",\"url\":\"https:\\\/\\\/www.kontakt-elektro.hu\\\/wp-content\\\/uploads\\\/2021\\\/05\\\/Kontakt-Elektro.jpg\",\"contentUrl\":\"https:\\\/\\\/www.kontakt-elektro.hu\\\/wp-content\\\/uploads\\\/2021\\\/05\\\/Kontakt-Elektro.jpg\",\"width\":1200,\"height\":630,\"caption\":\"Kontakt Elektro\"},\"image\":{\"@id\":\"https:\\\/\\\/www.kontakt-elektro.hu\\\/#\\\/schema\\\/logo\\\/image\\\/\"},\"sameAs\":[\"https:\\\/\\\/www.facebook.com\\\/KONTAKT.Elektro.Kft\\\/\",\"https:\\\/\\\/www.linkedin.com\\\/company\\\/kontakt-elektro-ltd.\"]},{\"@type\":\"Person\",\"@id\":\"https:\\\/\\\/www.kontakt-elektro.hu\\\/#\\\/schema\\\/person\\\/232cdd3f357932d0a3d723c68b15b6de\",\"name\":\"W5Labs\",\"image\":{\"@type\":\"ImageObject\",\"inLanguage\":\"hu\",\"@id\":\"https:\\\/\\\/secure.gravatar.com\\\/avatar\\\/c914d93a6016ea0a2a73a82454558da6ca0797ad3535fdc29409b35a0e0ef6c5?s=96&d=mm&r=g\",\"url\":\"https:\\\/\\\/secure.gravatar.com\\\/avatar\\\/c914d93a6016ea0a2a73a82454558da6ca0797ad3535fdc29409b35a0e0ef6c5?s=96&d=mm&r=g\",\"contentUrl\":\"https:\\\/\\\/secure.gravatar.com\\\/avatar\\\/c914d93a6016ea0a2a73a82454558da6ca0797ad3535fdc29409b35a0e0ef6c5?s=96&d=mm&r=g\",\"caption\":\"W5Labs\"},\"url\":\"https:\\\/\\\/www.kontakt-elektro.hu\\\/hu\\\/author\\\/remco\\\/\"}]}<\/script>\n<!-- \/ Yoast SEO plugin. -->","yoast_head_json":{"title":"GOP - Kontakt Elektro","robots":{"index":"index","follow":"follow","max-snippet":"max-snippet:-1","max-image-preview":"max-image-preview:large","max-video-preview":"max-video-preview:-1"},"canonical":"https:\/\/www.kontakt-elektro.hu\/palyazat\/gop\/","og_locale":"hu_HU","og_type":"article","og_title":"GOP - Kontakt Elektro","og_description":"Hidrog\u00e9n\u00fczem\u0171 t\u00fczel\u0151anyag-cell\u00e1k elektrok\u00e9miai reaktor\u00e1nak (stack) alapkutat\u00e1sok eredm\u00e9nyein alapul\u00f3 fejleszt\u00e9se valamint a hazai gy\u00e1rt\u00e1s el\u0151k\u00e9sz\u00edt\u00e9shez sz\u00fcks\u00e9ges k\u00eds\u00e9rleti fejleszt\u00e9s, protot\u00edpusgy\u00e1rt\u00e1s","og_url":"https:\/\/www.kontakt-elektro.hu\/palyazat\/gop\/","og_site_name":"Kontakt Elektro","article_publisher":"https:\/\/www.facebook.com\/KONTAKT.Elektro.Kft\/","article_published_time":"2020-08-19T07:05:32+00:00","article_modified_time":"2020-09-17T11:36:58+00:00","og_image":[{"width":704,"height":292,"url":"https:\/\/www.kontakt-elektro.hu\/wp-content\/uploads\/2020\/08\/mo_megujul.jpg","type":"image\/jpeg"}],"author":"W5Labs","twitter_card":"summary_large_image","twitter_misc":{"Szerz\u0151:":"W5Labs","Becs\u00fclt olvas\u00e1si id\u0151":"3 perc"},"schema":{"@context":"https:\/\/schema.org","@graph":[{"@type":"Article","@id":"https:\/\/www.kontakt-elektro.hu\/palyazat\/gop\/#article","isPartOf":{"@id":"https:\/\/www.kontakt-elektro.hu\/palyazat\/gop\/"},"author":{"name":"W5Labs","@id":"https:\/\/www.kontakt-elektro.hu\/#\/schema\/person\/232cdd3f357932d0a3d723c68b15b6de"},"headline":"GOP","datePublished":"2020-08-19T07:05:32+00:00","dateModified":"2020-09-17T11:36:58+00:00","mainEntityOfPage":{"@id":"https:\/\/www.kontakt-elektro.hu\/palyazat\/gop\/"},"wordCount":502,"commentCount":0,"publisher":{"@id":"https:\/\/www.kontakt-elektro.hu\/#organization"},"image":{"@id":"https:\/\/www.kontakt-elektro.hu\/palyazat\/gop\/#primaryimage"},"thumbnailUrl":"https:\/\/www.kontakt-elektro.hu\/wp-content\/uploads\/2020\/08\/mo_megujul.jpg","articleSection":["P\u00e1ly\u00e1zat"],"inLanguage":"hu","potentialAction":[{"@type":"CommentAction","name":"Comment","target":["https:\/\/www.kontakt-elektro.hu\/palyazat\/gop\/#respond"]}]},{"@type":"WebPage","@id":"https:\/\/www.kontakt-elektro.hu\/palyazat\/gop\/","url":"https:\/\/www.kontakt-elektro.hu\/palyazat\/gop\/","name":"GOP - Kontakt Elektro","isPartOf":{"@id":"https:\/\/www.kontakt-elektro.hu\/#website"},"primaryImageOfPage":{"@id":"https:\/\/www.kontakt-elektro.hu\/palyazat\/gop\/#primaryimage"},"image":{"@id":"https:\/\/www.kontakt-elektro.hu\/palyazat\/gop\/#primaryimage"},"thumbnailUrl":"https:\/\/www.kontakt-elektro.hu\/wp-content\/uploads\/2020\/08\/mo_megujul.jpg","datePublished":"2020-08-19T07:05:32+00:00","dateModified":"2020-09-17T11:36:58+00:00","breadcrumb":{"@id":"https:\/\/www.kontakt-elektro.hu\/palyazat\/gop\/#breadcrumb"},"inLanguage":"hu","potentialAction":[{"@type":"ReadAction","target":["https:\/\/www.kontakt-elektro.hu\/palyazat\/gop\/"]}]},{"@type":"ImageObject","inLanguage":"hu","@id":"https:\/\/www.kontakt-elektro.hu\/palyazat\/gop\/#primaryimage","url":"https:\/\/www.kontakt-elektro.hu\/wp-content\/uploads\/2020\/08\/mo_megujul.jpg","contentUrl":"https:\/\/www.kontakt-elektro.hu\/wp-content\/uploads\/2020\/08\/mo_megujul.jpg","width":704,"height":292},{"@type":"BreadcrumbList","@id":"https:\/\/www.kontakt-elektro.hu\/palyazat\/gop\/#breadcrumb","itemListElement":[{"@type":"ListItem","position":1,"name":"kezd\u0151lap","item":"https:\/\/www.kontakt-elektro.hu\/"},{"@type":"ListItem","position":2,"name":"GOP"}]},{"@type":"WebSite","@id":"https:\/\/www.kontakt-elektro.hu\/#website","url":"https:\/\/www.kontakt-elektro.hu\/","name":"Kontakt Elektro","description":"","publisher":{"@id":"https:\/\/www.kontakt-elektro.hu\/#organization"},"potentialAction":[{"@type":"SearchAction","target":{"@type":"EntryPoint","urlTemplate":"https:\/\/www.kontakt-elektro.hu\/?s={search_term_string}"},"query-input":{"@type":"PropertyValueSpecification","valueRequired":true,"valueName":"search_term_string"}}],"inLanguage":"hu"},{"@type":"Organization","@id":"https:\/\/www.kontakt-elektro.hu\/#organization","name":"Kontakt Elektro","url":"https:\/\/www.kontakt-elektro.hu\/","logo":{"@type":"ImageObject","inLanguage":"hu","@id":"https:\/\/www.kontakt-elektro.hu\/#\/schema\/logo\/image\/","url":"https:\/\/www.kontakt-elektro.hu\/wp-content\/uploads\/2021\/05\/Kontakt-Elektro.jpg","contentUrl":"https:\/\/www.kontakt-elektro.hu\/wp-content\/uploads\/2021\/05\/Kontakt-Elektro.jpg","width":1200,"height":630,"caption":"Kontakt Elektro"},"image":{"@id":"https:\/\/www.kontakt-elektro.hu\/#\/schema\/logo\/image\/"},"sameAs":["https:\/\/www.facebook.com\/KONTAKT.Elektro.Kft\/","https:\/\/www.linkedin.com\/company\/kontakt-elektro-ltd."]},{"@type":"Person","@id":"https:\/\/www.kontakt-elektro.hu\/#\/schema\/person\/232cdd3f357932d0a3d723c68b15b6de","name":"W5Labs","image":{"@type":"ImageObject","inLanguage":"hu","@id":"https:\/\/secure.gravatar.com\/avatar\/c914d93a6016ea0a2a73a82454558da6ca0797ad3535fdc29409b35a0e0ef6c5?s=96&d=mm&r=g","url":"https:\/\/secure.gravatar.com\/avatar\/c914d93a6016ea0a2a73a82454558da6ca0797ad3535fdc29409b35a0e0ef6c5?s=96&d=mm&r=g","contentUrl":"https:\/\/secure.gravatar.com\/avatar\/c914d93a6016ea0a2a73a82454558da6ca0797ad3535fdc29409b35a0e0ef6c5?s=96&d=mm&r=g","caption":"W5Labs"},"url":"https:\/\/www.kontakt-elektro.hu\/hu\/author\/remco\/"}]}},"_links":{"self":[{"href":"https:\/\/www.kontakt-elektro.hu\/hu\/wp-json\/wp\/v2\/posts\/83166","targetHints":{"allow":["GET"]}}],"collection":[{"href":"https:\/\/www.kontakt-elektro.hu\/hu\/wp-json\/wp\/v2\/posts"}],"about":[{"href":"https:\/\/www.kontakt-elektro.hu\/hu\/wp-json\/wp\/v2\/types\/post"}],"author":[{"embeddable":true,"href":"https:\/\/www.kontakt-elektro.hu\/hu\/wp-json\/wp\/v2\/users\/2"}],"replies":[{"embeddable":true,"href":"https:\/\/www.kontakt-elektro.hu\/hu\/wp-json\/wp\/v2\/comments?post=83166"}],"version-history":[{"count":0,"href":"https:\/\/www.kontakt-elektro.hu\/hu\/wp-json\/wp\/v2\/posts\/83166\/revisions"}],"wp:featuredmedia":[{"embeddable":true,"href":"https:\/\/www.kontakt-elektro.hu\/hu\/wp-json\/wp\/v2\/media\/83256"}],"wp:attachment":[{"href":"https:\/\/www.kontakt-elektro.hu\/hu\/wp-json\/wp\/v2\/media?parent=83166"}],"wp:term":[{"taxonomy":"category","embeddable":true,"href":"https:\/\/www.kontakt-elektro.hu\/hu\/wp-json\/wp\/v2\/categories?post=83166"},{"taxonomy":"post_tag","embeddable":true,"href":"https:\/\/www.kontakt-elektro.hu\/hu\/wp-json\/wp\/v2\/tags?post=83166"}],"curies":[{"name":"wp","href":"https:\/\/api.w.org\/{rel}","templated":true}]}}