{"id":83164,"date":"2020-08-19T09:05:12","date_gmt":"2020-08-19T07:05:12","guid":{"rendered":"http:\/\/www.kontakt-elektro.hu\/?p=83164"},"modified":"2020-09-17T13:34:48","modified_gmt":"2020-09-17T11:34:48","slug":"ddop","status":"publish","type":"post","link":"https:\/\/www.kontakt-elektro.hu\/hu\/palyazat\/ddop\/","title":{"rendered":"DDOP"},"content":{"rendered":"<div class=\"wpb-content-wrapper\"><p>[vc_row row_height_percent=&#8221;0&#8243; override_padding=&#8221;yes&#8221; h_padding=&#8221;2&#8243; top_padding=&#8221;3&#8243; bottom_padding=&#8221;3&#8243; overlay_alpha=&#8221;50&#8243; gutter_size=&#8221;3&#8243; column_width_use_pixel=&#8221;yes&#8221; shift_y=&#8221;0&#8243; z_index=&#8221;0&#8243; column_width_pixel=&#8221;800&#8243;][vc_column width=&#8221;1\/1&#8243;][vc_single_image media=&#8221;83251&#8243; media_width_percent=&#8221;100&#8243; alignment=&#8221;center&#8221;][vc_column_text]<strong>DDOP-1.1.1\/D -2009-006 p\u00e1ly\u00e1zat<\/strong><\/p>\n<p><strong>A DDOP-1.1.1\/D -2009-006 projekt az Eur\u00f3pai Uni\u00f3 t\u00e1mogat\u00e1s\u00e1val, az \u00daj <\/strong><strong>Magyarorsz\u00e1g Fejleszt\u00e9si Terv D\u00e9l-Dun\u00e1nt\u00fali Operat\u00edv Program Telephelyfejleszt\u00e9s <\/strong><strong>keret\u00e9ben val\u00f3sul meg.<\/strong><\/p>\n<p><strong>Projekt neve:\u00a0<\/strong>KONTAKT-ELEKTRO Kft telephely\u00e9n gy\u00e1rt\u00f3csarnok \u00e9p\u00edt\u00e9se, high tech energetikai eszk\u00f6z gy\u00e1rt\u00e1s felt\u00e9teleinek megteremt\u00e9se.<\/p>\n<p><strong>Projekt le\u00edr\u00e1sa (\u00e1ltal\u00e1nos le\u00edr\u00e1s, m\u0171szaki adatok):\u00a0<\/strong>A projekt keret\u00e9ben a KONTAKT Elektro Kft., P\u00e9cs vegyes hasznos\u00edt\u00e1s\u00fa &#8211; lak\u00f3 \u00e9s ipari &#8211; \u00f6vezet\u00e9ben (szab\u00e1lyoz\u00e1si tervi besorol\u00e1sa Gksz-711763), r\u00e9szben saj\u00e1t tulajdon\u00fa telephely\u00e9n \u00faj 1033 m2-es, r\u00e9szben t\u00f6bbszintes, csarnokot \u00e9p\u00edt. A ter\u00fclet barna mez\u0151s besorol\u00e1s\u00fa. A csarnokban els\u0151sorban a Kft.-n\u00e9l \u00faj term\u00e9kk\u00e9nt megjelen\u0151 \u00fczemanyagcell\u00e1s \u00e1ramforr\u00e1sok gy\u00e1rt\u00e1s\u00e1nak felt\u00e9teleit teremtj\u00fck meg. A fejleszt\u00e9s \u00edgy a p\u00e1ly\u00e1zati ki\u00edr\u00e1s szerint a r\u00e9gi\u00f3ban prefer\u00e1lt ter\u00fcletek k\u00f6z\u00fcl els\u0151dlegesen a k\u00f6rnyezetipar, illetve g\u00e9pipar \u00e9s elektronika szakter\u00fclethez sorolhat\u00f3. Az \u00faj csarnokba ker\u00fcl \u00e1tcsoportos\u00edt\u00e1sra a hagyom\u00e1nyos term\u00e9kk\u00f6r gy\u00e1rt\u00e1s\u00e1nak egy r\u00e9sze is. Az \u00fczemanyagcella gy\u00e1rt\u00f3b\u00e1zis p\u00e9csi megteremt\u00e9s\u00e9vel, energetika ter\u00fclet\u00e9n a legmagasabb szint\u0171 technol\u00f3gia j\u00f6n l\u00e9tre P\u00e9csett, Barany\u00e1ban, a r\u00e9gi\u00f3ban.<\/p>\n<p><strong>Kedvezm\u00e9nyezett neve \u00e9s el\u00e9rhet\u0151s\u00e9ge:\u00a0<\/strong>KONTAKT-ELEKTRO Kft,\u00a0\u00a07630 P\u00e9cs, Moh\u00e1csi \u00fat 79.<br \/>\n<strong>A projekt tervezett\u00a0\u00a0k\u00f6lts\u00e9ge:\u00a0\u00a0<\/strong>228.768.546.-Ft<br \/>\n<strong>A projektt\u00e1mogat\u00e1s \u00f6sszege:\u00a0\u00a0\u00a0<\/strong>100.000.000.-Ft<br \/>\n<strong>Ir\u00e1ny\u00edt\u00f3 hat\u00f3s\u00e1g neve \u00e9s el\u00e9rhet\u0151s\u00e9ge: <\/strong>Nemzeti Fejleszt\u00e9si \u00dcgyn\u00f6ks\u00e9g, 1077 Budapest,<\/p>\n<p>Wessel\u00e9nyi u. 20-22. tel: 06 40\u00a0638-638<\/p>\n<p><strong><a href=\"http:\/\/www.nfu.hu\/\">www.nfi.hu<\/a><\/strong><\/p>\n<p><strong>K\u00f6zrem\u0171k\u00f6d\u0151 szervezet neve \u00e9s el\u00e9rhet\u0151s\u00e9ge:\u00a0<\/strong>DDRF\u00dc D\u00e9l-Dun\u00e1nt\u00fali Region\u00e1lis Fejleszt\u00e9si \u00dcgyn\u00f6ks\u00e9g K\u00f6zhaszn\u00fa Nonprofit Korl\u00e1tolt Felel\u0151ss\u00e9g\u0171 T\u00e1rsas\u00e1g<br \/>\n7621 P\u00e9cs, M\u00e1ria u. 3.<\/p>\n<p><a href=\"http:\/\/www.deldunantul.eu\/\">www.deldunantul.eu<\/a>[\/vc_column_text][\/vc_column][\/vc_row][vc_row row_height_percent=&#8221;0&#8243; override_padding=&#8221;yes&#8221; h_padding=&#8221;2&#8243; top_padding=&#8221;2&#8243; bottom_padding=&#8221;3&#8243; overlay_alpha=&#8221;50&#8243; gutter_size=&#8221;3&#8243; column_width_percent=&#8221;100&#8243; shift_y=&#8221;0&#8243; z_index=&#8221;0&#8243;][vc_column column_width_percent=&#8221;100&#8243; gutter_size=&#8221;2&#8243; overlay_alpha=&#8221;50&#8243; shift_x=&#8221;0&#8243; shift_y=&#8221;0&#8243; shift_y_down=&#8221;0&#8243; z_index=&#8221;0&#8243; medium_width=&#8221;0&#8243; mobile_width=&#8221;0&#8243; width=&#8221;1\/1&#8243;][vc_column_text el_class=&#8221;section-title&#8221;]<b>Tov\u00e1bbi<\/b><strong>\u00a0<\/strong><b>p\u00e1ly\u00e1zatok<\/b>[\/vc_column_text][vc_separator sep_color=&#8221;color-133154&#8243; el_height=&#8221;1px&#8221;][vc_empty_space empty_h=&#8221;2&#8243;][uncode_index el_id=&#8221;index-131091&#8243; loop=&#8221;size:4|order_by:date|post_type:post|categories:178&#8243; gutter_size=&#8221;3&#8243; post_items=&#8221;media|featured|onpost|original,title,text|excerpt|90&#8243; screen_lg=&#8221;1000&#8243; screen_md=&#8221;600&#8243; screen_sm=&#8221;480&#8243; single_width=&#8221;3&#8243; images_size=&#8221;two-one&#8221; single_overlay_opacity=&#8221;50&#8243; single_overlay_anim=&#8221;no&#8221; single_padding=&#8221;2&#8243; single_title_semantic=&#8221;h4&#8243; single_title_dimension=&#8221;h4&#8243; single_title_weight=&#8221;700&#8243;][\/vc_column][\/vc_row][vc_row unlock_row_content=&#8221;yes&#8221; row_height_percent=&#8221;0&#8243; override_padding=&#8221;yes&#8221; h_padding=&#8221;0&#8243; top_padding=&#8221;2&#8243; bottom_padding=&#8221;2&#8243; overlay_alpha=&#8221;50&#8243; gutter_size=&#8221;3&#8243; column_width_percent=&#8221;100&#8243; shift_y=&#8221;0&#8243; z_index=&#8221;0&#8243;][vc_column width=&#8221;1\/1&#8243;][uncode_block id=&#8221;83020&#8243;][\/vc_column][\/vc_row]<\/p>\n<\/div>","protected":false},"excerpt":{"rendered":"<p>A csarnokban els\u0151sorban a Kft.-n\u00e9l \u00faj term\u00e9kk\u00e9nt megjelen\u0151 \u00fczemanyagcell\u00e1s \u00e1ramforr\u00e1sok gy\u00e1rt\u00e1s\u00e1nak felt\u00e9teleit teremtj\u00fck meg. A fejleszt\u00e9s \u00edgy a p\u00e1ly\u00e1zati ki\u00edr\u00e1s szerint a r\u00e9gi\u00f3ban prefer\u00e1lt ter\u00fcletek k\u00f6z\u00fcl els\u0151dlegesen a k\u00f6rnyezetipar, illetve g\u00e9pipar \u00e9s elektronika szakter\u00fclethez sorolhat\u00f3.<\/p>\n","protected":false},"author":2,"featured_media":83251,"comment_status":"open","ping_status":"open","sticky":false,"template":"","format":"standard","meta":{"_acf_changed":false,"footnotes":""},"categories":[178],"tags":[],"class_list":["post-83164","post","type-post","status-publish","format-standard","has-post-thumbnail","hentry","category-palyazat"],"acf":[],"yoast_head":"<!-- This site is optimized with the Yoast SEO plugin v27.5 - https:\/\/yoast.com\/product\/yoast-seo-wordpress\/ -->\n<title>DDOP - Kontakt Elektro<\/title>\n<meta name=\"robots\" content=\"index, follow, max-snippet:-1, max-image-preview:large, max-video-preview:-1\" \/>\n<link rel=\"canonical\" href=\"https:\/\/www.kontakt-elektro.hu\/palyazat\/ddop\/\" \/>\n<meta property=\"og:locale\" content=\"hu_HU\" \/>\n<meta property=\"og:type\" content=\"article\" \/>\n<meta property=\"og:title\" content=\"DDOP - Kontakt Elektro\" \/>\n<meta property=\"og:description\" content=\"A csarnokban els\u0151sorban a Kft.-n\u00e9l \u00faj term\u00e9kk\u00e9nt megjelen\u0151 \u00fczemanyagcell\u00e1s \u00e1ramforr\u00e1sok gy\u00e1rt\u00e1s\u00e1nak felt\u00e9teleit teremtj\u00fck meg. A fejleszt\u00e9s \u00edgy a p\u00e1ly\u00e1zati ki\u00edr\u00e1s szerint a r\u00e9gi\u00f3ban prefer\u00e1lt ter\u00fcletek k\u00f6z\u00fcl els\u0151dlegesen a k\u00f6rnyezetipar, illetve g\u00e9pipar \u00e9s elektronika szakter\u00fclethez sorolhat\u00f3.\" \/>\n<meta property=\"og:url\" content=\"https:\/\/www.kontakt-elektro.hu\/palyazat\/ddop\/\" \/>\n<meta property=\"og:site_name\" content=\"Kontakt Elektro\" \/>\n<meta property=\"article:publisher\" content=\"https:\/\/www.facebook.com\/KONTAKT.Elektro.Kft\/\" \/>\n<meta property=\"article:published_time\" content=\"2020-08-19T07:05:12+00:00\" \/>\n<meta property=\"article:modified_time\" content=\"2020-09-17T11:34:48+00:00\" \/>\n<meta property=\"og:image\" content=\"https:\/\/www.kontakt-elektro.hu\/wp-content\/uploads\/2020\/08\/ddop.jpg\" \/>\n\t<meta property=\"og:image:width\" content=\"597\" \/>\n\t<meta property=\"og:image:height\" content=\"242\" \/>\n\t<meta property=\"og:image:type\" content=\"image\/jpeg\" \/>\n<meta name=\"author\" content=\"W5Labs\" \/>\n<meta name=\"twitter:card\" content=\"summary_large_image\" \/>\n<meta name=\"twitter:label1\" content=\"Szerz\u0151:\" \/>\n\t<meta name=\"twitter:data1\" content=\"W5Labs\" \/>\n\t<meta name=\"twitter:label2\" content=\"Becs\u00fclt olvas\u00e1si id\u0151\" \/>\n\t<meta name=\"twitter:data2\" content=\"3 perc\" \/>\n<script type=\"application\/ld+json\" class=\"yoast-schema-graph\">{\"@context\":\"https:\\\/\\\/schema.org\",\"@graph\":[{\"@type\":\"Article\",\"@id\":\"https:\\\/\\\/www.kontakt-elektro.hu\\\/palyazat\\\/ddop\\\/#article\",\"isPartOf\":{\"@id\":\"https:\\\/\\\/www.kontakt-elektro.hu\\\/palyazat\\\/ddop\\\/\"},\"author\":{\"name\":\"W5Labs\",\"@id\":\"https:\\\/\\\/www.kontakt-elektro.hu\\\/#\\\/schema\\\/person\\\/232cdd3f357932d0a3d723c68b15b6de\"},\"headline\":\"DDOP\",\"datePublished\":\"2020-08-19T07:05:12+00:00\",\"dateModified\":\"2020-09-17T11:34:48+00:00\",\"mainEntityOfPage\":{\"@id\":\"https:\\\/\\\/www.kontakt-elektro.hu\\\/palyazat\\\/ddop\\\/\"},\"wordCount\":572,\"commentCount\":0,\"publisher\":{\"@id\":\"https:\\\/\\\/www.kontakt-elektro.hu\\\/#organization\"},\"image\":{\"@id\":\"https:\\\/\\\/www.kontakt-elektro.hu\\\/palyazat\\\/ddop\\\/#primaryimage\"},\"thumbnailUrl\":\"https:\\\/\\\/www.kontakt-elektro.hu\\\/wp-content\\\/uploads\\\/2020\\\/08\\\/ddop.jpg\",\"articleSection\":[\"P\u00e1ly\u00e1zat\"],\"inLanguage\":\"hu\",\"potentialAction\":[{\"@type\":\"CommentAction\",\"name\":\"Comment\",\"target\":[\"https:\\\/\\\/www.kontakt-elektro.hu\\\/palyazat\\\/ddop\\\/#respond\"]}]},{\"@type\":\"WebPage\",\"@id\":\"https:\\\/\\\/www.kontakt-elektro.hu\\\/palyazat\\\/ddop\\\/\",\"url\":\"https:\\\/\\\/www.kontakt-elektro.hu\\\/palyazat\\\/ddop\\\/\",\"name\":\"DDOP - Kontakt Elektro\",\"isPartOf\":{\"@id\":\"https:\\\/\\\/www.kontakt-elektro.hu\\\/#website\"},\"primaryImageOfPage\":{\"@id\":\"https:\\\/\\\/www.kontakt-elektro.hu\\\/palyazat\\\/ddop\\\/#primaryimage\"},\"image\":{\"@id\":\"https:\\\/\\\/www.kontakt-elektro.hu\\\/palyazat\\\/ddop\\\/#primaryimage\"},\"thumbnailUrl\":\"https:\\\/\\\/www.kontakt-elektro.hu\\\/wp-content\\\/uploads\\\/2020\\\/08\\\/ddop.jpg\",\"datePublished\":\"2020-08-19T07:05:12+00:00\",\"dateModified\":\"2020-09-17T11:34:48+00:00\",\"breadcrumb\":{\"@id\":\"https:\\\/\\\/www.kontakt-elektro.hu\\\/palyazat\\\/ddop\\\/#breadcrumb\"},\"inLanguage\":\"hu\",\"potentialAction\":[{\"@type\":\"ReadAction\",\"target\":[\"https:\\\/\\\/www.kontakt-elektro.hu\\\/palyazat\\\/ddop\\\/\"]}]},{\"@type\":\"ImageObject\",\"inLanguage\":\"hu\",\"@id\":\"https:\\\/\\\/www.kontakt-elektro.hu\\\/palyazat\\\/ddop\\\/#primaryimage\",\"url\":\"https:\\\/\\\/www.kontakt-elektro.hu\\\/wp-content\\\/uploads\\\/2020\\\/08\\\/ddop.jpg\",\"contentUrl\":\"https:\\\/\\\/www.kontakt-elektro.hu\\\/wp-content\\\/uploads\\\/2020\\\/08\\\/ddop.jpg\",\"width\":597,\"height\":242},{\"@type\":\"BreadcrumbList\",\"@id\":\"https:\\\/\\\/www.kontakt-elektro.hu\\\/palyazat\\\/ddop\\\/#breadcrumb\",\"itemListElement\":[{\"@type\":\"ListItem\",\"position\":1,\"name\":\"kezd\u0151lap\",\"item\":\"https:\\\/\\\/www.kontakt-elektro.hu\\\/\"},{\"@type\":\"ListItem\",\"position\":2,\"name\":\"DDOP\"}]},{\"@type\":\"WebSite\",\"@id\":\"https:\\\/\\\/www.kontakt-elektro.hu\\\/#website\",\"url\":\"https:\\\/\\\/www.kontakt-elektro.hu\\\/\",\"name\":\"Kontakt Elektro\",\"description\":\"\",\"publisher\":{\"@id\":\"https:\\\/\\\/www.kontakt-elektro.hu\\\/#organization\"},\"potentialAction\":[{\"@type\":\"SearchAction\",\"target\":{\"@type\":\"EntryPoint\",\"urlTemplate\":\"https:\\\/\\\/www.kontakt-elektro.hu\\\/?s={search_term_string}\"},\"query-input\":{\"@type\":\"PropertyValueSpecification\",\"valueRequired\":true,\"valueName\":\"search_term_string\"}}],\"inLanguage\":\"hu\"},{\"@type\":\"Organization\",\"@id\":\"https:\\\/\\\/www.kontakt-elektro.hu\\\/#organization\",\"name\":\"Kontakt Elektro\",\"url\":\"https:\\\/\\\/www.kontakt-elektro.hu\\\/\",\"logo\":{\"@type\":\"ImageObject\",\"inLanguage\":\"hu\",\"@id\":\"https:\\\/\\\/www.kontakt-elektro.hu\\\/#\\\/schema\\\/logo\\\/image\\\/\",\"url\":\"https:\\\/\\\/www.kontakt-elektro.hu\\\/wp-content\\\/uploads\\\/2021\\\/05\\\/Kontakt-Elektro.jpg\",\"contentUrl\":\"https:\\\/\\\/www.kontakt-elektro.hu\\\/wp-content\\\/uploads\\\/2021\\\/05\\\/Kontakt-Elektro.jpg\",\"width\":1200,\"height\":630,\"caption\":\"Kontakt Elektro\"},\"image\":{\"@id\":\"https:\\\/\\\/www.kontakt-elektro.hu\\\/#\\\/schema\\\/logo\\\/image\\\/\"},\"sameAs\":[\"https:\\\/\\\/www.facebook.com\\\/KONTAKT.Elektro.Kft\\\/\",\"https:\\\/\\\/www.linkedin.com\\\/company\\\/kontakt-elektro-ltd.\"]},{\"@type\":\"Person\",\"@id\":\"https:\\\/\\\/www.kontakt-elektro.hu\\\/#\\\/schema\\\/person\\\/232cdd3f357932d0a3d723c68b15b6de\",\"name\":\"W5Labs\",\"image\":{\"@type\":\"ImageObject\",\"inLanguage\":\"hu\",\"@id\":\"https:\\\/\\\/secure.gravatar.com\\\/avatar\\\/c914d93a6016ea0a2a73a82454558da6ca0797ad3535fdc29409b35a0e0ef6c5?s=96&d=mm&r=g\",\"url\":\"https:\\\/\\\/secure.gravatar.com\\\/avatar\\\/c914d93a6016ea0a2a73a82454558da6ca0797ad3535fdc29409b35a0e0ef6c5?s=96&d=mm&r=g\",\"contentUrl\":\"https:\\\/\\\/secure.gravatar.com\\\/avatar\\\/c914d93a6016ea0a2a73a82454558da6ca0797ad3535fdc29409b35a0e0ef6c5?s=96&d=mm&r=g\",\"caption\":\"W5Labs\"},\"url\":\"https:\\\/\\\/www.kontakt-elektro.hu\\\/hu\\\/author\\\/remco\\\/\"}]}<\/script>\n<!-- \/ Yoast SEO plugin. -->","yoast_head_json":{"title":"DDOP - Kontakt Elektro","robots":{"index":"index","follow":"follow","max-snippet":"max-snippet:-1","max-image-preview":"max-image-preview:large","max-video-preview":"max-video-preview:-1"},"canonical":"https:\/\/www.kontakt-elektro.hu\/palyazat\/ddop\/","og_locale":"hu_HU","og_type":"article","og_title":"DDOP - Kontakt Elektro","og_description":"A csarnokban els\u0151sorban a Kft.-n\u00e9l \u00faj term\u00e9kk\u00e9nt megjelen\u0151 \u00fczemanyagcell\u00e1s \u00e1ramforr\u00e1sok gy\u00e1rt\u00e1s\u00e1nak felt\u00e9teleit teremtj\u00fck meg. A fejleszt\u00e9s \u00edgy a p\u00e1ly\u00e1zati ki\u00edr\u00e1s szerint a r\u00e9gi\u00f3ban prefer\u00e1lt ter\u00fcletek k\u00f6z\u00fcl els\u0151dlegesen a k\u00f6rnyezetipar, illetve g\u00e9pipar \u00e9s elektronika szakter\u00fclethez sorolhat\u00f3.","og_url":"https:\/\/www.kontakt-elektro.hu\/palyazat\/ddop\/","og_site_name":"Kontakt Elektro","article_publisher":"https:\/\/www.facebook.com\/KONTAKT.Elektro.Kft\/","article_published_time":"2020-08-19T07:05:12+00:00","article_modified_time":"2020-09-17T11:34:48+00:00","og_image":[{"width":597,"height":242,"url":"https:\/\/www.kontakt-elektro.hu\/wp-content\/uploads\/2020\/08\/ddop.jpg","type":"image\/jpeg"}],"author":"W5Labs","twitter_card":"summary_large_image","twitter_misc":{"Szerz\u0151:":"W5Labs","Becs\u00fclt olvas\u00e1si id\u0151":"3 perc"},"schema":{"@context":"https:\/\/schema.org","@graph":[{"@type":"Article","@id":"https:\/\/www.kontakt-elektro.hu\/palyazat\/ddop\/#article","isPartOf":{"@id":"https:\/\/www.kontakt-elektro.hu\/palyazat\/ddop\/"},"author":{"name":"W5Labs","@id":"https:\/\/www.kontakt-elektro.hu\/#\/schema\/person\/232cdd3f357932d0a3d723c68b15b6de"},"headline":"DDOP","datePublished":"2020-08-19T07:05:12+00:00","dateModified":"2020-09-17T11:34:48+00:00","mainEntityOfPage":{"@id":"https:\/\/www.kontakt-elektro.hu\/palyazat\/ddop\/"},"wordCount":572,"commentCount":0,"publisher":{"@id":"https:\/\/www.kontakt-elektro.hu\/#organization"},"image":{"@id":"https:\/\/www.kontakt-elektro.hu\/palyazat\/ddop\/#primaryimage"},"thumbnailUrl":"https:\/\/www.kontakt-elektro.hu\/wp-content\/uploads\/2020\/08\/ddop.jpg","articleSection":["P\u00e1ly\u00e1zat"],"inLanguage":"hu","potentialAction":[{"@type":"CommentAction","name":"Comment","target":["https:\/\/www.kontakt-elektro.hu\/palyazat\/ddop\/#respond"]}]},{"@type":"WebPage","@id":"https:\/\/www.kontakt-elektro.hu\/palyazat\/ddop\/","url":"https:\/\/www.kontakt-elektro.hu\/palyazat\/ddop\/","name":"DDOP - Kontakt Elektro","isPartOf":{"@id":"https:\/\/www.kontakt-elektro.hu\/#website"},"primaryImageOfPage":{"@id":"https:\/\/www.kontakt-elektro.hu\/palyazat\/ddop\/#primaryimage"},"image":{"@id":"https:\/\/www.kontakt-elektro.hu\/palyazat\/ddop\/#primaryimage"},"thumbnailUrl":"https:\/\/www.kontakt-elektro.hu\/wp-content\/uploads\/2020\/08\/ddop.jpg","datePublished":"2020-08-19T07:05:12+00:00","dateModified":"2020-09-17T11:34:48+00:00","breadcrumb":{"@id":"https:\/\/www.kontakt-elektro.hu\/palyazat\/ddop\/#breadcrumb"},"inLanguage":"hu","potentialAction":[{"@type":"ReadAction","target":["https:\/\/www.kontakt-elektro.hu\/palyazat\/ddop\/"]}]},{"@type":"ImageObject","inLanguage":"hu","@id":"https:\/\/www.kontakt-elektro.hu\/palyazat\/ddop\/#primaryimage","url":"https:\/\/www.kontakt-elektro.hu\/wp-content\/uploads\/2020\/08\/ddop.jpg","contentUrl":"https:\/\/www.kontakt-elektro.hu\/wp-content\/uploads\/2020\/08\/ddop.jpg","width":597,"height":242},{"@type":"BreadcrumbList","@id":"https:\/\/www.kontakt-elektro.hu\/palyazat\/ddop\/#breadcrumb","itemListElement":[{"@type":"ListItem","position":1,"name":"kezd\u0151lap","item":"https:\/\/www.kontakt-elektro.hu\/"},{"@type":"ListItem","position":2,"name":"DDOP"}]},{"@type":"WebSite","@id":"https:\/\/www.kontakt-elektro.hu\/#website","url":"https:\/\/www.kontakt-elektro.hu\/","name":"Kontakt Elektro","description":"","publisher":{"@id":"https:\/\/www.kontakt-elektro.hu\/#organization"},"potentialAction":[{"@type":"SearchAction","target":{"@type":"EntryPoint","urlTemplate":"https:\/\/www.kontakt-elektro.hu\/?s={search_term_string}"},"query-input":{"@type":"PropertyValueSpecification","valueRequired":true,"valueName":"search_term_string"}}],"inLanguage":"hu"},{"@type":"Organization","@id":"https:\/\/www.kontakt-elektro.hu\/#organization","name":"Kontakt Elektro","url":"https:\/\/www.kontakt-elektro.hu\/","logo":{"@type":"ImageObject","inLanguage":"hu","@id":"https:\/\/www.kontakt-elektro.hu\/#\/schema\/logo\/image\/","url":"https:\/\/www.kontakt-elektro.hu\/wp-content\/uploads\/2021\/05\/Kontakt-Elektro.jpg","contentUrl":"https:\/\/www.kontakt-elektro.hu\/wp-content\/uploads\/2021\/05\/Kontakt-Elektro.jpg","width":1200,"height":630,"caption":"Kontakt Elektro"},"image":{"@id":"https:\/\/www.kontakt-elektro.hu\/#\/schema\/logo\/image\/"},"sameAs":["https:\/\/www.facebook.com\/KONTAKT.Elektro.Kft\/","https:\/\/www.linkedin.com\/company\/kontakt-elektro-ltd."]},{"@type":"Person","@id":"https:\/\/www.kontakt-elektro.hu\/#\/schema\/person\/232cdd3f357932d0a3d723c68b15b6de","name":"W5Labs","image":{"@type":"ImageObject","inLanguage":"hu","@id":"https:\/\/secure.gravatar.com\/avatar\/c914d93a6016ea0a2a73a82454558da6ca0797ad3535fdc29409b35a0e0ef6c5?s=96&d=mm&r=g","url":"https:\/\/secure.gravatar.com\/avatar\/c914d93a6016ea0a2a73a82454558da6ca0797ad3535fdc29409b35a0e0ef6c5?s=96&d=mm&r=g","contentUrl":"https:\/\/secure.gravatar.com\/avatar\/c914d93a6016ea0a2a73a82454558da6ca0797ad3535fdc29409b35a0e0ef6c5?s=96&d=mm&r=g","caption":"W5Labs"},"url":"https:\/\/www.kontakt-elektro.hu\/hu\/author\/remco\/"}]}},"_links":{"self":[{"href":"https:\/\/www.kontakt-elektro.hu\/hu\/wp-json\/wp\/v2\/posts\/83164","targetHints":{"allow":["GET"]}}],"collection":[{"href":"https:\/\/www.kontakt-elektro.hu\/hu\/wp-json\/wp\/v2\/posts"}],"about":[{"href":"https:\/\/www.kontakt-elektro.hu\/hu\/wp-json\/wp\/v2\/types\/post"}],"author":[{"embeddable":true,"href":"https:\/\/www.kontakt-elektro.hu\/hu\/wp-json\/wp\/v2\/users\/2"}],"replies":[{"embeddable":true,"href":"https:\/\/www.kontakt-elektro.hu\/hu\/wp-json\/wp\/v2\/comments?post=83164"}],"version-history":[{"count":0,"href":"https:\/\/www.kontakt-elektro.hu\/hu\/wp-json\/wp\/v2\/posts\/83164\/revisions"}],"wp:featuredmedia":[{"embeddable":true,"href":"https:\/\/www.kontakt-elektro.hu\/hu\/wp-json\/wp\/v2\/media\/83251"}],"wp:attachment":[{"href":"https:\/\/www.kontakt-elektro.hu\/hu\/wp-json\/wp\/v2\/media?parent=83164"}],"wp:term":[{"taxonomy":"category","embeddable":true,"href":"https:\/\/www.kontakt-elektro.hu\/hu\/wp-json\/wp\/v2\/categories?post=83164"},{"taxonomy":"post_tag","embeddable":true,"href":"https:\/\/www.kontakt-elektro.hu\/hu\/wp-json\/wp\/v2\/tags?post=83164"}],"curies":[{"name":"wp","href":"https:\/\/api.w.org\/{rel}","templated":true}]}}