{"id":83162,"date":"2020-08-19T09:04:17","date_gmt":"2020-08-19T07:04:17","guid":{"rendered":"http:\/\/www.kontakt-elektro.hu\/?p=83162"},"modified":"2020-09-17T13:34:19","modified_gmt":"2020-09-17T11:34:19","slug":"ginop","status":"publish","type":"post","link":"https:\/\/www.kontakt-elektro.hu\/hu\/palyazat\/ginop\/","title":{"rendered":"GINOP"},"content":{"rendered":"<div class=\"wpb-content-wrapper\"><p>[vc_row row_height_percent=&#8221;0&#8243; override_padding=&#8221;yes&#8221; h_padding=&#8221;2&#8243; top_padding=&#8221;3&#8243; bottom_padding=&#8221;3&#8243; overlay_alpha=&#8221;50&#8243; gutter_size=&#8221;3&#8243; column_width_use_pixel=&#8221;yes&#8221; shift_y=&#8221;0&#8243; z_index=&#8221;0&#8243; column_width_pixel=&#8221;800&#8243;][vc_column width=&#8221;1\/1&#8243;][vc_column_text]<strong>Termel\u00e9si kapacit\u00e1sok b\u0151v\u00edt\u00e9se a KONTAKT-Elektro Kft-n\u00e9l.<\/strong><\/p>\n<p>A KONTAKT-Elektro Kft. a Gazdas\u00e1gfejleszt\u00e9si \u00e9s Innov\u00e1ci\u00f3s Operat\u00edv Program keretein bel\u00fcl meghirdetett GINOP-1.2.1-16 k\u00f3dsz\u00e1m\u00fa, \u201eMikro-, kis- \u00e9s k\u00f6z\u00e9pv\u00e1llalkoz\u00e1sok termel\u00e9si kapacit\u00e1sainak b\u0151v\u00edt\u00e9se\u201d t\u00e1rgy\u00fa felh\u00edv\u00e1sra 2017. febru\u00e1r 6-\u00e1n p\u00e1ly\u00e1zatot ny\u00fajtott be.<\/p>\n<p>A Nemzetgazdas\u00e1gi Miniszt\u00e9rium, mint T\u00e1mogat\u00f3 a p\u00e1ly\u00e1zatot 94\u00a0628\u00a0184 Ft vissza nem t\u00e9r\u00edtend\u0151 t\u00e1mogat\u00e1sban r\u00e9szes\u00edtette, a t\u00e1mogat\u00f3 levelet 2017. december 22-\u00e9n k\u00fcldte meg v\u00e1llalkoz\u00e1sunk r\u00e9sz\u00e9re. A GINOP-1.2.1-16-2017-00523 azonos\u00edt\u00f3 sz\u00e1m\u00fa, p\u00e1ly\u00e1zat nyertesek\u00e9nt a KONTAKT-Elektro Kft. \u00f6sszesen 94 628\u00a0184 Ft \u00f6sszeg\u0171 t\u00e1mogat\u00e1st ford\u00edtott eszk\u00f6zbeszerz\u00e9sekre.<\/p>\n<p><strong>Projekt alapadatok:<\/strong><\/p>\n<p>Kedvezm\u00e9nyezett neve: <strong>KONTAKT &#8211; Elektro Ipari, kereskedelmi<\/strong> Korl\u00e1tolt Felel\u0151ss\u00e9g\u0171 T\u00e1rsas\u00e1g<br \/>\nProjekt c\u00edme: <strong>\u201eTermel\u00e9si kapacit\u00e1sok b\u0151v\u00edt\u00e9se a KONTAKT-Elektro Kft-n\u00e9l.\u201d<\/strong><br \/>\nProjekt azonos\u00edt\u00f3sz\u00e1ma: <strong>GINOP-1.2.1-16-2017-00523<\/strong><br \/>\nForr\u00e1s megnevez\u00e9se:<strong> ERFA<\/strong><br \/>\nProjekt megval\u00f3s\u00edt\u00e1si helysz\u00ednei: <strong>7630 P\u00e9cs, Moh\u00e1csi \u00fat 79, hrsz: 41481<\/strong><br \/>\nProjekt k\u00f6lts\u00e9gvet\u00e9se: <strong>189 256 369 Ft<\/strong><br \/>\nMeg\u00edt\u00e9lt t\u00e1mogat\u00e1s: <strong>94 628 184 Ft<\/strong><br \/>\nT\u00e1mogat\u00e1s m\u00e9rt\u00e9ke: <strong>50%<\/strong><br \/>\nProjekt megval\u00f3s\u00edt\u00e1s id\u0151szaka: <strong>2017.04.12. \u2013 2019.04.02.<\/strong><\/p>\n<p><strong>A projekt tartalm\u00e1nak r\u00f6vidbemutat\u00e1sa:<\/strong><\/p>\n<p>A projekt legfontosabb eleme egy l\u00e9zermegmunk\u00e1l\u00f3 k\u00f6zpont beszerz\u00e9se, mellyel az eddig k\u00e9zi er\u0151vel \u00e9s mechanikai eszk\u00f6z\u00f6kkel (pl. flex) v\u00e9gzett munkafolyamatok g\u00e9pies\u00edthet\u0151k. A l\u00e9zerg\u00e9phez kapcsol\u00f3d\u00f3an beszerz\u00e9sre ker\u00fclt egy tervez\u0151i szoftvercsomag, fejlesztve a munkafolyamatok automatiz\u00e1lts\u00e1g\u00e1t.<\/p>\n<p>A l\u00e9zermegmunk\u00e1l\u00f3 k\u00f6zpont miatt sz\u00fcks\u00e9gess\u00e9 v\u00e1lt a csarnok\u00e9p\u00fcletek b\u0151v\u00edt\u00e9se a gy\u00e1rt\u00f3 ter\u00fclet n\u00f6vel\u00e9se \u00e9rdek\u00e9ben, tov\u00e1bb\u00e1 az \u00faj \u00e9p\u00fclet meg\u00e9p\u00edt\u00e9s\u00e9vel a kor\u00e1bbi 4 rakt\u00e1r 1 helyre \u00f6sszevonhat\u00f3 lett. A l\u00e9zerg\u00e9p gazdas\u00e1gos m\u0171k\u00f6dtet\u00e9s\u00e9nek biztos\u00edt\u00e1sa \u00e9rdekben telep\u00edt\u00e9sre ker\u00fclt egy 35 kW teljes\u00edtm\u00e9ny\u0171 napelemes rendszer. El\u0151z\u0151eken t\u00fal tov\u00e1bbi a termel\u00e9st k\u00f6zvetlen\u00fcl vagy k\u00f6zvetve szolg\u00e1l\u00f3 eszk\u00f6z\u00f6k ker\u00fcltek beszerz\u00e9sre, melyek a k\u00f6vetkez\u0151k: 2 db hegeszt\u0151asztal, 1 db k\u00e1belcs\u00e9v\u00e9l\u0151, 1 db k\u00e1belors\u00f3 tart\u00f3, 1 db targonca, 1 db raklapemel\u0151, 2 db szerel\u0151asztal, polcrendszerek.<\/p>\n<p class=\"P6\">C\u00e9g\u00fcnk fejl\u0151d\u00e9se, valamint a v\u00e1llalatir\u00e1ny\u00edt\u00e1si rendszer b\u0151v\u00fcl\u0151 funkci\u00f3i elker\u00fclhetetlenn\u00e9 tette egy gyorsabb, nagyobb kapacit\u00e1s\u00fa szerver \u00e9s ahhoz kapcsol\u00f3d\u00f3 szoftverek, valamint 3 db nagy teljes\u00edtm\u00e9ny\u0171 tervez\u0151i laptop \u00e9s 1 db f\u00e9nym\u00e1sol\u00f3 beszerz\u00e9s\u00e9t.<\/p>\n<p>[\/vc_column_text][vc_single_image media=&#8221;83239&#8243; media_width_percent=&#8221;50&#8243; alignment=&#8221;right&#8221;][\/vc_column][\/vc_row][vc_row row_height_percent=&#8221;0&#8243; override_padding=&#8221;yes&#8221; h_padding=&#8221;2&#8243; top_padding=&#8221;2&#8243; bottom_padding=&#8221;3&#8243; overlay_alpha=&#8221;50&#8243; gutter_size=&#8221;3&#8243; column_width_percent=&#8221;100&#8243; shift_y=&#8221;0&#8243; z_index=&#8221;0&#8243;][vc_column column_width_percent=&#8221;100&#8243; gutter_size=&#8221;2&#8243; overlay_alpha=&#8221;50&#8243; shift_x=&#8221;0&#8243; shift_y=&#8221;0&#8243; shift_y_down=&#8221;0&#8243; z_index=&#8221;0&#8243; medium_width=&#8221;0&#8243; mobile_width=&#8221;0&#8243; width=&#8221;1\/1&#8243;][vc_column_text el_class=&#8221;section-title&#8221;]<b>Tov\u00e1bbi<\/b><strong>\u00a0<\/strong><b>p\u00e1ly\u00e1zatok<\/b>[\/vc_column_text][vc_separator sep_color=&#8221;color-133154&#8243; el_height=&#8221;1px&#8221;][vc_empty_space empty_h=&#8221;2&#8243;][uncode_index el_id=&#8221;index-131091&#8243; loop=&#8221;size:4|order_by:date|post_type:post|categories:178&#8243; gutter_size=&#8221;3&#8243; post_items=&#8221;media|featured|onpost|original,title,text|excerpt|90&#8243; screen_lg=&#8221;1000&#8243; screen_md=&#8221;600&#8243; screen_sm=&#8221;480&#8243; single_width=&#8221;3&#8243; images_size=&#8221;two-one&#8221; single_overlay_opacity=&#8221;50&#8243; single_overlay_anim=&#8221;no&#8221; single_padding=&#8221;2&#8243; single_title_semantic=&#8221;h4&#8243; single_title_dimension=&#8221;h4&#8243; single_title_weight=&#8221;700&#8243;][\/vc_column][\/vc_row][vc_row unlock_row_content=&#8221;yes&#8221; row_height_percent=&#8221;0&#8243; override_padding=&#8221;yes&#8221; h_padding=&#8221;0&#8243; top_padding=&#8221;2&#8243; bottom_padding=&#8221;2&#8243; overlay_alpha=&#8221;50&#8243; gutter_size=&#8221;3&#8243; column_width_percent=&#8221;100&#8243; shift_y=&#8221;0&#8243; z_index=&#8221;0&#8243;][vc_column width=&#8221;1\/1&#8243;][uncode_block id=&#8221;83020&#8243;][\/vc_column][\/vc_row]<\/p>\n<\/div>","protected":false},"excerpt":{"rendered":"<p>A KONTAKT-Elektro Kft. a Gazdas\u00e1gfejleszt\u00e9si \u00e9s Innov\u00e1ci\u00f3s Operat\u00edv Program keretein bel\u00fcl meghirdetett GINOP-1.2.1-16 k\u00f3dsz\u00e1m\u00fa, \u201eMikro-, kis- \u00e9s k\u00f6z\u00e9pv\u00e1llalkoz\u00e1sok termel\u00e9si kapacit\u00e1sainak b\u0151v\u00edt\u00e9se\u201d t\u00e1rgy\u00fa felh\u00edv\u00e1sra 2017. febru\u00e1r 6-\u00e1n p\u00e1ly\u00e1zatot ny\u00fajtott be.<\/p>\n","protected":false},"author":2,"featured_media":83239,"comment_status":"open","ping_status":"open","sticky":false,"template":"","format":"standard","meta":{"_acf_changed":false,"footnotes":""},"categories":[178],"tags":[],"class_list":["post-83162","post","type-post","status-publish","format-standard","has-post-thumbnail","hentry","category-palyazat"],"acf":[],"yoast_head":"<!-- This site is optimized with the Yoast SEO plugin v27.5 - https:\/\/yoast.com\/product\/yoast-seo-wordpress\/ -->\n<title>GINOP - Kontakt Elektro<\/title>\n<meta name=\"robots\" content=\"index, follow, max-snippet:-1, max-image-preview:large, max-video-preview:-1\" \/>\n<link rel=\"canonical\" href=\"https:\/\/www.kontakt-elektro.hu\/palyazat\/ginop\/\" \/>\n<meta property=\"og:locale\" content=\"hu_HU\" \/>\n<meta property=\"og:type\" content=\"article\" \/>\n<meta property=\"og:title\" content=\"GINOP - Kontakt Elektro\" \/>\n<meta property=\"og:description\" content=\"A KONTAKT-Elektro Kft. a Gazdas\u00e1gfejleszt\u00e9si \u00e9s Innov\u00e1ci\u00f3s Operat\u00edv Program keretein bel\u00fcl meghirdetett GINOP-1.2.1-16 k\u00f3dsz\u00e1m\u00fa, \u201eMikro-, kis- \u00e9s k\u00f6z\u00e9pv\u00e1llalkoz\u00e1sok termel\u00e9si kapacit\u00e1sainak b\u0151v\u00edt\u00e9se\u201d t\u00e1rgy\u00fa felh\u00edv\u00e1sra 2017. febru\u00e1r 6-\u00e1n p\u00e1ly\u00e1zatot ny\u00fajtott be.\" \/>\n<meta property=\"og:url\" content=\"https:\/\/www.kontakt-elektro.hu\/palyazat\/ginop\/\" \/>\n<meta property=\"og:site_name\" content=\"Kontakt Elektro\" \/>\n<meta property=\"article:publisher\" content=\"https:\/\/www.facebook.com\/KONTAKT.Elektro.Kft\/\" \/>\n<meta property=\"article:published_time\" content=\"2020-08-19T07:04:17+00:00\" \/>\n<meta property=\"article:modified_time\" content=\"2020-09-17T11:34:19+00:00\" \/>\n<meta property=\"og:image\" content=\"https:\/\/www.kontakt-elektro.hu\/wp-content\/uploads\/2020\/08\/GINOP.jpg\" \/>\n\t<meta property=\"og:image:width\" content=\"465\" \/>\n\t<meta property=\"og:image:height\" content=\"322\" \/>\n\t<meta property=\"og:image:type\" content=\"image\/jpeg\" \/>\n<meta name=\"author\" content=\"W5Labs\" \/>\n<meta name=\"twitter:card\" content=\"summary_large_image\" \/>\n<meta name=\"twitter:label1\" content=\"Szerz\u0151:\" \/>\n\t<meta name=\"twitter:data1\" content=\"W5Labs\" \/>\n\t<meta name=\"twitter:label2\" content=\"Becs\u00fclt olvas\u00e1si id\u0151\" \/>\n\t<meta name=\"twitter:data2\" content=\"3 perc\" \/>\n<script type=\"application\/ld+json\" class=\"yoast-schema-graph\">{\"@context\":\"https:\\\/\\\/schema.org\",\"@graph\":[{\"@type\":\"Article\",\"@id\":\"https:\\\/\\\/www.kontakt-elektro.hu\\\/palyazat\\\/ginop\\\/#article\",\"isPartOf\":{\"@id\":\"https:\\\/\\\/www.kontakt-elektro.hu\\\/palyazat\\\/ginop\\\/\"},\"author\":{\"name\":\"W5Labs\",\"@id\":\"https:\\\/\\\/www.kontakt-elektro.hu\\\/#\\\/schema\\\/person\\\/232cdd3f357932d0a3d723c68b15b6de\"},\"headline\":\"GINOP\",\"datePublished\":\"2020-08-19T07:04:17+00:00\",\"dateModified\":\"2020-09-17T11:34:19+00:00\",\"mainEntityOfPage\":{\"@id\":\"https:\\\/\\\/www.kontakt-elektro.hu\\\/palyazat\\\/ginop\\\/\"},\"wordCount\":685,\"commentCount\":0,\"publisher\":{\"@id\":\"https:\\\/\\\/www.kontakt-elektro.hu\\\/#organization\"},\"image\":{\"@id\":\"https:\\\/\\\/www.kontakt-elektro.hu\\\/palyazat\\\/ginop\\\/#primaryimage\"},\"thumbnailUrl\":\"https:\\\/\\\/www.kontakt-elektro.hu\\\/wp-content\\\/uploads\\\/2020\\\/08\\\/GINOP.jpg\",\"articleSection\":[\"P\u00e1ly\u00e1zat\"],\"inLanguage\":\"hu\",\"potentialAction\":[{\"@type\":\"CommentAction\",\"name\":\"Comment\",\"target\":[\"https:\\\/\\\/www.kontakt-elektro.hu\\\/palyazat\\\/ginop\\\/#respond\"]}]},{\"@type\":\"WebPage\",\"@id\":\"https:\\\/\\\/www.kontakt-elektro.hu\\\/palyazat\\\/ginop\\\/\",\"url\":\"https:\\\/\\\/www.kontakt-elektro.hu\\\/palyazat\\\/ginop\\\/\",\"name\":\"GINOP - Kontakt Elektro\",\"isPartOf\":{\"@id\":\"https:\\\/\\\/www.kontakt-elektro.hu\\\/#website\"},\"primaryImageOfPage\":{\"@id\":\"https:\\\/\\\/www.kontakt-elektro.hu\\\/palyazat\\\/ginop\\\/#primaryimage\"},\"image\":{\"@id\":\"https:\\\/\\\/www.kontakt-elektro.hu\\\/palyazat\\\/ginop\\\/#primaryimage\"},\"thumbnailUrl\":\"https:\\\/\\\/www.kontakt-elektro.hu\\\/wp-content\\\/uploads\\\/2020\\\/08\\\/GINOP.jpg\",\"datePublished\":\"2020-08-19T07:04:17+00:00\",\"dateModified\":\"2020-09-17T11:34:19+00:00\",\"breadcrumb\":{\"@id\":\"https:\\\/\\\/www.kontakt-elektro.hu\\\/palyazat\\\/ginop\\\/#breadcrumb\"},\"inLanguage\":\"hu\",\"potentialAction\":[{\"@type\":\"ReadAction\",\"target\":[\"https:\\\/\\\/www.kontakt-elektro.hu\\\/palyazat\\\/ginop\\\/\"]}]},{\"@type\":\"ImageObject\",\"inLanguage\":\"hu\",\"@id\":\"https:\\\/\\\/www.kontakt-elektro.hu\\\/palyazat\\\/ginop\\\/#primaryimage\",\"url\":\"https:\\\/\\\/www.kontakt-elektro.hu\\\/wp-content\\\/uploads\\\/2020\\\/08\\\/GINOP.jpg\",\"contentUrl\":\"https:\\\/\\\/www.kontakt-elektro.hu\\\/wp-content\\\/uploads\\\/2020\\\/08\\\/GINOP.jpg\",\"width\":465,\"height\":322},{\"@type\":\"BreadcrumbList\",\"@id\":\"https:\\\/\\\/www.kontakt-elektro.hu\\\/palyazat\\\/ginop\\\/#breadcrumb\",\"itemListElement\":[{\"@type\":\"ListItem\",\"position\":1,\"name\":\"kezd\u0151lap\",\"item\":\"https:\\\/\\\/www.kontakt-elektro.hu\\\/\"},{\"@type\":\"ListItem\",\"position\":2,\"name\":\"GINOP\"}]},{\"@type\":\"WebSite\",\"@id\":\"https:\\\/\\\/www.kontakt-elektro.hu\\\/#website\",\"url\":\"https:\\\/\\\/www.kontakt-elektro.hu\\\/\",\"name\":\"Kontakt Elektro\",\"description\":\"\",\"publisher\":{\"@id\":\"https:\\\/\\\/www.kontakt-elektro.hu\\\/#organization\"},\"potentialAction\":[{\"@type\":\"SearchAction\",\"target\":{\"@type\":\"EntryPoint\",\"urlTemplate\":\"https:\\\/\\\/www.kontakt-elektro.hu\\\/?s={search_term_string}\"},\"query-input\":{\"@type\":\"PropertyValueSpecification\",\"valueRequired\":true,\"valueName\":\"search_term_string\"}}],\"inLanguage\":\"hu\"},{\"@type\":\"Organization\",\"@id\":\"https:\\\/\\\/www.kontakt-elektro.hu\\\/#organization\",\"name\":\"Kontakt Elektro\",\"url\":\"https:\\\/\\\/www.kontakt-elektro.hu\\\/\",\"logo\":{\"@type\":\"ImageObject\",\"inLanguage\":\"hu\",\"@id\":\"https:\\\/\\\/www.kontakt-elektro.hu\\\/#\\\/schema\\\/logo\\\/image\\\/\",\"url\":\"https:\\\/\\\/www.kontakt-elektro.hu\\\/wp-content\\\/uploads\\\/2021\\\/05\\\/Kontakt-Elektro.jpg\",\"contentUrl\":\"https:\\\/\\\/www.kontakt-elektro.hu\\\/wp-content\\\/uploads\\\/2021\\\/05\\\/Kontakt-Elektro.jpg\",\"width\":1200,\"height\":630,\"caption\":\"Kontakt Elektro\"},\"image\":{\"@id\":\"https:\\\/\\\/www.kontakt-elektro.hu\\\/#\\\/schema\\\/logo\\\/image\\\/\"},\"sameAs\":[\"https:\\\/\\\/www.facebook.com\\\/KONTAKT.Elektro.Kft\\\/\",\"https:\\\/\\\/www.linkedin.com\\\/company\\\/kontakt-elektro-ltd.\"]},{\"@type\":\"Person\",\"@id\":\"https:\\\/\\\/www.kontakt-elektro.hu\\\/#\\\/schema\\\/person\\\/232cdd3f357932d0a3d723c68b15b6de\",\"name\":\"W5Labs\",\"image\":{\"@type\":\"ImageObject\",\"inLanguage\":\"hu\",\"@id\":\"https:\\\/\\\/secure.gravatar.com\\\/avatar\\\/c914d93a6016ea0a2a73a82454558da6ca0797ad3535fdc29409b35a0e0ef6c5?s=96&d=mm&r=g\",\"url\":\"https:\\\/\\\/secure.gravatar.com\\\/avatar\\\/c914d93a6016ea0a2a73a82454558da6ca0797ad3535fdc29409b35a0e0ef6c5?s=96&d=mm&r=g\",\"contentUrl\":\"https:\\\/\\\/secure.gravatar.com\\\/avatar\\\/c914d93a6016ea0a2a73a82454558da6ca0797ad3535fdc29409b35a0e0ef6c5?s=96&d=mm&r=g\",\"caption\":\"W5Labs\"},\"url\":\"https:\\\/\\\/www.kontakt-elektro.hu\\\/hu\\\/author\\\/remco\\\/\"}]}<\/script>\n<!-- \/ Yoast SEO plugin. -->","yoast_head_json":{"title":"GINOP - Kontakt Elektro","robots":{"index":"index","follow":"follow","max-snippet":"max-snippet:-1","max-image-preview":"max-image-preview:large","max-video-preview":"max-video-preview:-1"},"canonical":"https:\/\/www.kontakt-elektro.hu\/palyazat\/ginop\/","og_locale":"hu_HU","og_type":"article","og_title":"GINOP - Kontakt Elektro","og_description":"A KONTAKT-Elektro Kft. a Gazdas\u00e1gfejleszt\u00e9si \u00e9s Innov\u00e1ci\u00f3s Operat\u00edv Program keretein bel\u00fcl meghirdetett GINOP-1.2.1-16 k\u00f3dsz\u00e1m\u00fa, \u201eMikro-, kis- \u00e9s k\u00f6z\u00e9pv\u00e1llalkoz\u00e1sok termel\u00e9si kapacit\u00e1sainak b\u0151v\u00edt\u00e9se\u201d t\u00e1rgy\u00fa felh\u00edv\u00e1sra 2017. febru\u00e1r 6-\u00e1n p\u00e1ly\u00e1zatot ny\u00fajtott be.","og_url":"https:\/\/www.kontakt-elektro.hu\/palyazat\/ginop\/","og_site_name":"Kontakt Elektro","article_publisher":"https:\/\/www.facebook.com\/KONTAKT.Elektro.Kft\/","article_published_time":"2020-08-19T07:04:17+00:00","article_modified_time":"2020-09-17T11:34:19+00:00","og_image":[{"width":465,"height":322,"url":"https:\/\/www.kontakt-elektro.hu\/wp-content\/uploads\/2020\/08\/GINOP.jpg","type":"image\/jpeg"}],"author":"W5Labs","twitter_card":"summary_large_image","twitter_misc":{"Szerz\u0151:":"W5Labs","Becs\u00fclt olvas\u00e1si id\u0151":"3 perc"},"schema":{"@context":"https:\/\/schema.org","@graph":[{"@type":"Article","@id":"https:\/\/www.kontakt-elektro.hu\/palyazat\/ginop\/#article","isPartOf":{"@id":"https:\/\/www.kontakt-elektro.hu\/palyazat\/ginop\/"},"author":{"name":"W5Labs","@id":"https:\/\/www.kontakt-elektro.hu\/#\/schema\/person\/232cdd3f357932d0a3d723c68b15b6de"},"headline":"GINOP","datePublished":"2020-08-19T07:04:17+00:00","dateModified":"2020-09-17T11:34:19+00:00","mainEntityOfPage":{"@id":"https:\/\/www.kontakt-elektro.hu\/palyazat\/ginop\/"},"wordCount":685,"commentCount":0,"publisher":{"@id":"https:\/\/www.kontakt-elektro.hu\/#organization"},"image":{"@id":"https:\/\/www.kontakt-elektro.hu\/palyazat\/ginop\/#primaryimage"},"thumbnailUrl":"https:\/\/www.kontakt-elektro.hu\/wp-content\/uploads\/2020\/08\/GINOP.jpg","articleSection":["P\u00e1ly\u00e1zat"],"inLanguage":"hu","potentialAction":[{"@type":"CommentAction","name":"Comment","target":["https:\/\/www.kontakt-elektro.hu\/palyazat\/ginop\/#respond"]}]},{"@type":"WebPage","@id":"https:\/\/www.kontakt-elektro.hu\/palyazat\/ginop\/","url":"https:\/\/www.kontakt-elektro.hu\/palyazat\/ginop\/","name":"GINOP - Kontakt Elektro","isPartOf":{"@id":"https:\/\/www.kontakt-elektro.hu\/#website"},"primaryImageOfPage":{"@id":"https:\/\/www.kontakt-elektro.hu\/palyazat\/ginop\/#primaryimage"},"image":{"@id":"https:\/\/www.kontakt-elektro.hu\/palyazat\/ginop\/#primaryimage"},"thumbnailUrl":"https:\/\/www.kontakt-elektro.hu\/wp-content\/uploads\/2020\/08\/GINOP.jpg","datePublished":"2020-08-19T07:04:17+00:00","dateModified":"2020-09-17T11:34:19+00:00","breadcrumb":{"@id":"https:\/\/www.kontakt-elektro.hu\/palyazat\/ginop\/#breadcrumb"},"inLanguage":"hu","potentialAction":[{"@type":"ReadAction","target":["https:\/\/www.kontakt-elektro.hu\/palyazat\/ginop\/"]}]},{"@type":"ImageObject","inLanguage":"hu","@id":"https:\/\/www.kontakt-elektro.hu\/palyazat\/ginop\/#primaryimage","url":"https:\/\/www.kontakt-elektro.hu\/wp-content\/uploads\/2020\/08\/GINOP.jpg","contentUrl":"https:\/\/www.kontakt-elektro.hu\/wp-content\/uploads\/2020\/08\/GINOP.jpg","width":465,"height":322},{"@type":"BreadcrumbList","@id":"https:\/\/www.kontakt-elektro.hu\/palyazat\/ginop\/#breadcrumb","itemListElement":[{"@type":"ListItem","position":1,"name":"kezd\u0151lap","item":"https:\/\/www.kontakt-elektro.hu\/"},{"@type":"ListItem","position":2,"name":"GINOP"}]},{"@type":"WebSite","@id":"https:\/\/www.kontakt-elektro.hu\/#website","url":"https:\/\/www.kontakt-elektro.hu\/","name":"Kontakt Elektro","description":"","publisher":{"@id":"https:\/\/www.kontakt-elektro.hu\/#organization"},"potentialAction":[{"@type":"SearchAction","target":{"@type":"EntryPoint","urlTemplate":"https:\/\/www.kontakt-elektro.hu\/?s={search_term_string}"},"query-input":{"@type":"PropertyValueSpecification","valueRequired":true,"valueName":"search_term_string"}}],"inLanguage":"hu"},{"@type":"Organization","@id":"https:\/\/www.kontakt-elektro.hu\/#organization","name":"Kontakt Elektro","url":"https:\/\/www.kontakt-elektro.hu\/","logo":{"@type":"ImageObject","inLanguage":"hu","@id":"https:\/\/www.kontakt-elektro.hu\/#\/schema\/logo\/image\/","url":"https:\/\/www.kontakt-elektro.hu\/wp-content\/uploads\/2021\/05\/Kontakt-Elektro.jpg","contentUrl":"https:\/\/www.kontakt-elektro.hu\/wp-content\/uploads\/2021\/05\/Kontakt-Elektro.jpg","width":1200,"height":630,"caption":"Kontakt Elektro"},"image":{"@id":"https:\/\/www.kontakt-elektro.hu\/#\/schema\/logo\/image\/"},"sameAs":["https:\/\/www.facebook.com\/KONTAKT.Elektro.Kft\/","https:\/\/www.linkedin.com\/company\/kontakt-elektro-ltd."]},{"@type":"Person","@id":"https:\/\/www.kontakt-elektro.hu\/#\/schema\/person\/232cdd3f357932d0a3d723c68b15b6de","name":"W5Labs","image":{"@type":"ImageObject","inLanguage":"hu","@id":"https:\/\/secure.gravatar.com\/avatar\/c914d93a6016ea0a2a73a82454558da6ca0797ad3535fdc29409b35a0e0ef6c5?s=96&d=mm&r=g","url":"https:\/\/secure.gravatar.com\/avatar\/c914d93a6016ea0a2a73a82454558da6ca0797ad3535fdc29409b35a0e0ef6c5?s=96&d=mm&r=g","contentUrl":"https:\/\/secure.gravatar.com\/avatar\/c914d93a6016ea0a2a73a82454558da6ca0797ad3535fdc29409b35a0e0ef6c5?s=96&d=mm&r=g","caption":"W5Labs"},"url":"https:\/\/www.kontakt-elektro.hu\/hu\/author\/remco\/"}]}},"_links":{"self":[{"href":"https:\/\/www.kontakt-elektro.hu\/hu\/wp-json\/wp\/v2\/posts\/83162","targetHints":{"allow":["GET"]}}],"collection":[{"href":"https:\/\/www.kontakt-elektro.hu\/hu\/wp-json\/wp\/v2\/posts"}],"about":[{"href":"https:\/\/www.kontakt-elektro.hu\/hu\/wp-json\/wp\/v2\/types\/post"}],"author":[{"embeddable":true,"href":"https:\/\/www.kontakt-elektro.hu\/hu\/wp-json\/wp\/v2\/users\/2"}],"replies":[{"embeddable":true,"href":"https:\/\/www.kontakt-elektro.hu\/hu\/wp-json\/wp\/v2\/comments?post=83162"}],"version-history":[{"count":0,"href":"https:\/\/www.kontakt-elektro.hu\/hu\/wp-json\/wp\/v2\/posts\/83162\/revisions"}],"wp:featuredmedia":[{"embeddable":true,"href":"https:\/\/www.kontakt-elektro.hu\/hu\/wp-json\/wp\/v2\/media\/83239"}],"wp:attachment":[{"href":"https:\/\/www.kontakt-elektro.hu\/hu\/wp-json\/wp\/v2\/media?parent=83162"}],"wp:term":[{"taxonomy":"category","embeddable":true,"href":"https:\/\/www.kontakt-elektro.hu\/hu\/wp-json\/wp\/v2\/categories?post=83162"},{"taxonomy":"post_tag","embeddable":true,"href":"https:\/\/www.kontakt-elektro.hu\/hu\/wp-json\/wp\/v2\/tags?post=83162"}],"curies":[{"name":"wp","href":"https:\/\/api.w.org\/{rel}","templated":true}]}}