{"id":83126,"date":"2020-09-04T10:12:54","date_gmt":"2020-09-04T08:12:54","guid":{"rendered":"http:\/\/www.kontakt-elektro.hu\/?p=83126"},"modified":"2020-09-25T09:06:17","modified_gmt":"2020-09-25T07:06:17","slug":"balatonkenesen-debutalt-a-magyar-fejlesztesu-hidrogenuzemu-hajo-mti","status":"publish","type":"post","link":"https:\/\/www.kontakt-elektro.hu\/hu\/hirek\/balatonkenesen-debutalt-a-magyar-fejlesztesu-hidrogenuzemu-hajo-mti\/","title":{"rendered":"Balatonkenes\u00e9n deb\u00fct\u00e1lt a magyar fejleszt\u00e9s\u0171 hidrog\u00e9n\u00fczem\u0171 haj\u00f3 (MTI)"},"content":{"rendered":"<div class=\"wpb-content-wrapper\"><p>[vc_row row_height_percent=&#8221;0&#8243; override_padding=&#8221;yes&#8221; h_padding=&#8221;2&#8243; top_padding=&#8221;3&#8243; bottom_padding=&#8221;3&#8243; overlay_alpha=&#8221;50&#8243; gutter_size=&#8221;3&#8243; column_width_use_pixel=&#8221;yes&#8221; shift_y=&#8221;0&#8243; z_index=&#8221;0&#8243; column_width_pixel=&#8221;800&#8243;][vc_column width=&#8221;1\/1&#8243;][vc_column_text]<a href=\"https:\/\/www.hirbalaton.hu\/balatonkenesen-debutalt-a-magyar-fejlesztesu-hidrogenuzemu-hajo-mti\/\"> szeptember 4. 18:01<\/a>&#8211;\u00a0<a href=\"https:\/\/www.hirbalaton.hu\/author\/szepvolgyiistvan\/\">hirbalaton.hu\/i<\/a><\/p>\n<p><strong>Bemutatt\u00e1k az els\u0151 magyar fejleszt\u00e9s\u0171\u00a0hidrog\u00e9n\u00fczem\u0171 \u00fczemanyagcell\u00e1s kishaj\u00f3t p\u00e9nteken Balatonkenes\u00e9n, a Balaton Boat Show rendezv\u00e9ny\u00e9nek r\u00e9szek\u00e9nt tartott konferenci\u00e1n. A Nemzeti\u00a0Hidrog\u00e9n-technol\u00f3giai Platform szervez\u00e9s\u00e9ben tartott rendezv\u00e9nyen a platform ir\u00e1ny\u00edt\u00f3bizotts\u00e1g\u00e1nak eln\u00f6ke elmondta: a\u00a0hidrog\u00e9n\u00fczem\u0171 \u00fczemanyagcell\u00e1k\u00e9 a j\u00f6v\u0151 a k\u00f6zleked\u00e9sben, legyen sz\u00f3 haj\u00f3kr\u00f3l, aut\u00f3kr\u00f3l, aut\u00f3buszokr\u00f3l vagy vonatokr\u00f3l.\u00a0<\/strong><\/p>\n<p>Leps\u00e9nyi Istv\u00e1n t\u00e1j\u00e9koztat\u00e1sa szerint jelenleg is legal\u00e1bb 200 elektromos meghajt\u00e1s\u00fa haj\u00f3 van a Balatonon, de az \u00fajonnan fejlesztett kishaj\u00f3ban az elektromos energi\u00e1t nem akkumul\u00e1tor biztos\u00edtja, hanem hidrog\u00e9n \u00fczemanyagcella. Hozz\u00e1tette: az elektromos meghajt\u00e1s\u00fa j\u00e1rm\u0171vek a Balaton tisztas\u00e1g\u00e1nak meg\u0151rz\u00e9se \u00e9rdek\u00e9ben is fontosak, ezek k\u00f6z\u00fcl pedig a hidrog\u00e9n \u00fczemanyagcell\u00e1s megold\u00e1s a legnagyobb hat\u00f3t\u00e1vols\u00e1g\u00fa \u00e9s a leghat\u00e9konyabb.<\/p>\n<p>Az akkumul\u00e1torr\u00f3l m\u0171k\u00f6d\u0151 elektromos haj\u00f3kn\u00e1l ugyanis nem t\u00fal hossz\u00fa ideig \u2013 nagyj\u00e1b\u00f3l f\u00e9l vagy h\u00e1romnegyed \u00f3r\u00e1ig \u2013 tart ki az akkumul\u00e1tor, ami arra elegend\u0151, hogy tal\u00e1n keresztbe \u00e1t lehet szelni vele a Balatont. Egy hidrog\u00e9n \u00fczemanyagcell\u00e1s meghajt\u00e1s\u00fa haj\u00f3 hat\u00f3t\u00e1vols\u00e1ga azonban k\u00f6zel 80 kilom\u00e9ter \u2013 emelte ki. Mint mondta: egyed\u00fcl az jelent probl\u00e9m\u00e1t, hogy Magyarorsz\u00e1gon egyel\u0151re nincs hidrog\u00e9n \u00fczemanyagt\u00f6lt\u0151 \u00e1llom\u00e1s. Ausztri\u00e1ban \u00e9s N\u00e9metorsz\u00e1gban m\u00e1r m\u0171k\u00f6dnek ilyenek, de Leps\u00e9nyi Istv\u00e1n szerint a hidrog\u00e9n\u00fczem\u0171 \u00fczemanyagcell\u00e1s j\u00e1rm\u0171vek megjelen\u00e9se felkelti majd az \u00fczemanyaggal foglalkoz\u00f3 c\u00e9gek \u00e9rdekl\u0151d\u00e9s\u00e9t is.<\/p>\n<p>Hangs\u00falyozta: a hidrog\u00e9n hasznos eszk\u00f6z ahhoz, hogy m\u00e9g tiszt\u00e1bb k\u00f6rnyezetben \u00e9lj\u00fcnk a j\u00f6v\u0151ben. V\u00e9lem\u00e9nye szerint az akkumul\u00e1torokn\u00e1l k\u00f6rnyezetv\u00e9delmi szempontb\u00f3l nem optim\u00e1lis, hogy felt\u00f6lt\u00e9s\u00e9hez az \u00e1ramot gyakran fosszilis energiaforr\u00e1sok \u00e9get\u00e9s\u00e9vel teremtik el\u0151. Ilyenkor hi\u00e1ba k\u00f6zlekedik valaki elektromos j\u00e1rm\u0171vel, ugyan\u00fagy sz\u00e9n-dioxid keletkezik, csak nem a j\u00e1rm\u0171n\u00e9l, hanem valahol m\u00e1shol. A hidrog\u00e9n azonban t\u00f6k\u00e9letesen ki tudja v\u00e1ltani a fosszilis energiaforr\u00e1sokat, r\u00e1ad\u00e1sul Magyarorsz\u00e1gon Paks II bel\u00e9p\u00e9s\u00e9vel lesz elegend\u0151 \u00e1rammennyis\u00e9g a hidrog\u00e9n sz\u00e9n-dioxid k\u00e9pz\u0151d\u00e9s n\u00e9lk\u00fcli el\u0151\u00e1ll\u00edt\u00e1s\u00e1ra \u2013 jelentette ki Leps\u00e9nyi Istv\u00e1n.<\/p>\n<p>A gy\u00e1rt\u00f3 p\u00e9csi Kontakt-Elektro Kft. t\u00e1j\u00e9koztat\u00e1sa szerint a Balatonkenes\u00e9n bemutatott haj\u00f3 s\u00falya 950 kilogramm, hossza 6,2 m\u00e9ter, sz\u00e9less\u00e9ge 2,1 m\u00e9ter, mer\u00fcl\u00e9se pedig 0,5 m\u00e9ter, a fed\u00e9lzeten 7+1 ember sz\u00e1ll\u00edthat\u00f3, maxim\u00e1lis sebess\u00e9ge \u00f3r\u00e1nk\u00e9nt 22 kilom\u00e9ter. A t\u00fczel\u0151anyag-cella teljes\u00edtm\u00e9nye 15 kilowatt, \u00e9lettartama el\u00e9ri a h\u00faszezer \u00fczem\u00f3r\u00e1t. A haj\u00f3 2,88 kilogramm hidrog\u00e9nt t\u00e1rol, ami 46 kilowatt\u00f3ra villamos energi\u00e1t jelent. Ezzel teljes g\u00e1zzal hajtva 3 \u00f3r\u00e1s menetid\u0151vel mintegy 66 kilom\u00e9ter utat tud megtenni, de a teljes\u00edtm\u00e9ny cs\u00f6kkent\u00e9s\u00e9vel ez a t\u00e1v n\u00f6velhet\u0151.[\/vc_column_text][vc_single_image media=&#8221;83332&#8243; media_width_percent=&#8221;100&#8243;][\/vc_column][\/vc_row][vc_row row_height_percent=&#8221;0&#8243; override_padding=&#8221;yes&#8221; h_padding=&#8221;2&#8243; top_padding=&#8221;2&#8243; bottom_padding=&#8221;3&#8243; overlay_alpha=&#8221;50&#8243; gutter_size=&#8221;3&#8243; column_width_percent=&#8221;100&#8243; shift_y=&#8221;0&#8243; z_index=&#8221;0&#8243;][vc_column column_width_percent=&#8221;100&#8243; gutter_size=&#8221;2&#8243; overlay_alpha=&#8221;50&#8243; shift_x=&#8221;0&#8243; shift_y=&#8221;0&#8243; shift_y_down=&#8221;0&#8243; z_index=&#8221;0&#8243; medium_width=&#8221;0&#8243; mobile_width=&#8221;0&#8243; width=&#8221;1\/1&#8243;][vc_column_text el_class=&#8221;section-title&#8221;]<b>Tov\u00e1bbi\u00a0h\u00edrek\u00a0<\/b>[\/vc_column_text][vc_separator sep_color=&#8221;color-133154&#8243; el_height=&#8221;1px&#8221;][vc_empty_space empty_h=&#8221;2&#8243;][uncode_index el_id=&#8221;index-131091&#8243; loop=&#8221;size:4|order_by:date|post_type:post|categories:172&#8243; gutter_size=&#8221;3&#8243; post_items=&#8221;media|featured|onpost|original,title,text|excerpt|90&#8243; screen_lg=&#8221;1000&#8243; screen_md=&#8221;600&#8243; screen_sm=&#8221;480&#8243; single_width=&#8221;3&#8243; images_size=&#8221;two-one&#8221; single_overlay_opacity=&#8221;50&#8243; single_overlay_anim=&#8221;no&#8221; single_padding=&#8221;2&#8243; single_title_semantic=&#8221;h4&#8243; single_title_dimension=&#8221;h4&#8243; single_title_weight=&#8221;700&#8243;][\/vc_column][\/vc_row][vc_row unlock_row_content=&#8221;yes&#8221; row_height_percent=&#8221;0&#8243; override_padding=&#8221;yes&#8221; h_padding=&#8221;0&#8243; top_padding=&#8221;2&#8243; bottom_padding=&#8221;2&#8243; overlay_alpha=&#8221;50&#8243; gutter_size=&#8221;3&#8243; column_width_percent=&#8221;100&#8243; shift_y=&#8221;0&#8243; z_index=&#8221;0&#8243;][vc_column width=&#8221;1\/1&#8243;][uncode_block id=&#8221;83020&#8243;][\/vc_column][\/vc_row]<\/p>\n<\/div>","protected":false},"excerpt":{"rendered":"<p>2020. szeptember 4. 18:01 &#8211; hirbalaton.hu\/i<br \/>\nBemutatt\u00e1k az els\u0151 magyar fejleszt\u00e9s\u0171 hidrog\u00e9n\u00fczem\u0171 \u00fczemanyagcell\u00e1s kishaj\u00f3t p\u00e9nteken Balatonkenes\u00e9n, a Balaton Boat Show rendezv\u00e9ny\u00e9nek r\u00e9szek\u00e9nt tartott konferenci\u00e1n. A Nemzeti Hidrog\u00e9n-technol\u00f3giai Platform szervez\u00e9s\u00e9ben tartott rendezv\u00e9nyen a platform ir\u00e1ny\u00edt\u00f3bizotts\u00e1g\u00e1nak eln\u00f6ke elmondta: a hidrog\u00e9n\u00fczem\u0171 \u00fczemanyagcell\u00e1k\u00e9 a j\u00f6v\u0151 a k\u00f6zleked\u00e9sben, legyen sz\u00f3 haj\u00f3kr\u00f3l, aut\u00f3kr\u00f3l, aut\u00f3buszokr\u00f3l vagy vonatokr\u00f3l.<br \/>\nLeps\u00e9nyi Istv\u00e1n t\u00e1j\u00e9koztat\u00e1sa szerint jelenleg is legal\u00e1bb 200 elektromos meghajt\u00e1s\u00fa haj\u00f3 van a Balatonon, de az \u00fajonnan fejlesztett kishaj\u00f3ban az elektromos energi\u00e1t nem akkumul\u00e1tor biztos\u00edtja, hanem hidrog\u00e9n \u00fczemanyagcella. Hozz\u00e1tette: az elektromos meghajt\u00e1s\u00fa j\u00e1rm\u0171vek a Balaton tisztas\u00e1g\u00e1nak meg\u0151rz\u00e9se \u00e9rdek\u00e9ben is fontosak, ezek k\u00f6z\u00fcl pedig a hidrog\u00e9n \u00fczemanyagcell\u00e1s megold\u00e1s a legnagyobb hat\u00f3t\u00e1vols\u00e1g\u00fa \u00e9s a leghat\u00e9konyabb.<br \/>\nAz akkumul\u00e1torr\u00f3l m\u0171k\u00f6d\u0151 elektromos haj\u00f3kn\u00e1l ugyanis nem t\u00fal hossz\u00fa ideig \u2013 nagyj\u00e1b\u00f3l f\u00e9l vagy h\u00e1romnegyed \u00f3r\u00e1ig \u2013 tart ki az akkumul\u00e1tor, ami arra elegend\u0151, hogy tal\u00e1n keresztbe \u00e1t lehet szelni vele a Balatont. Egy hidrog\u00e9n \u00fczemanyagcell\u00e1s meghajt\u00e1s\u00fa haj\u00f3 hat\u00f3t\u00e1vols\u00e1ga azonban k\u00f6zel 80 kilom\u00e9ter \u2013 emelte ki. Mint mondta: egyed\u00fcl az jelent probl\u00e9m\u00e1t, hogy Magyarorsz\u00e1gon egyel\u0151re nincs hidrog\u00e9n \u00fczemanyagt\u00f6lt\u0151 \u00e1llom\u00e1s. Ausztri\u00e1ban \u00e9s N\u00e9metorsz\u00e1gban m\u00e1r m\u0171k\u00f6dnek ilyenek, de Leps\u00e9nyi Istv\u00e1n szerint a hidrog\u00e9n\u00fczem\u0171 \u00fczemanyagcell\u00e1s j\u00e1rm\u0171vek megjelen\u00e9se felkelti majd az \u00fczemanyaggal foglalkoz\u00f3 c\u00e9gek \u00e9rdekl\u0151d\u00e9s\u00e9t is.<br \/>\nHangs\u00falyozta: a hidrog\u00e9n hasznos eszk\u00f6z ahhoz, hogy m\u00e9g tiszt\u00e1bb k\u00f6rnyezetben \u00e9lj\u00fcnk a j\u00f6v\u0151ben. V\u00e9lem\u00e9nye szerint az akkumul\u00e1torokn\u00e1l k\u00f6rnyezetv\u00e9delmi szempontb\u00f3l nem optim\u00e1lis, hogy felt\u00f6lt\u00e9s\u00e9hez az \u00e1ramot gyakran fosszilis energiaforr\u00e1sok \u00e9get\u00e9s\u00e9vel teremtik el\u0151. Ilyenkor hi\u00e1ba k\u00f6zlekedik valaki elektromos j\u00e1rm\u0171vel, ugyan\u00fagy sz\u00e9n-dioxid keletkezik, csak nem a j\u00e1rm\u0171n\u00e9l, hanem valahol m\u00e1shol. A hidrog\u00e9n azonban t\u00f6k\u00e9letesen ki tudja v\u00e1ltani a fosszilis energiaforr\u00e1sokat, r\u00e1ad\u00e1sul Magyarorsz\u00e1gon Paks II bel\u00e9p\u00e9s\u00e9vel lesz elegend\u0151 \u00e1rammennyis\u00e9g a hidrog\u00e9n sz\u00e9n-dioxid k\u00e9pz\u0151d\u00e9s n\u00e9lk\u00fcli el\u0151\u00e1ll\u00edt\u00e1s\u00e1ra \u2013 jelentette ki Leps\u00e9nyi Istv\u00e1n.<br \/>\nA gy\u00e1rt\u00f3 p\u00e9csi Kontakt-Elektro Kft. t\u00e1j\u00e9koztat\u00e1sa szerint a Balatonkenes\u00e9n bemutatott haj\u00f3 s\u00falya 950 kilogramm, hossza 6,2 m\u00e9ter, sz\u00e9less\u00e9ge 2,1 m\u00e9ter, mer\u00fcl\u00e9se pedig 0,5 m\u00e9ter, a fed\u00e9lzeten 7+1 ember sz\u00e1ll\u00edthat\u00f3, maxim\u00e1lis sebess\u00e9ge \u00f3r\u00e1nk\u00e9nt 22 kilom\u00e9ter. A t\u00fczel\u0151anyag-cella teljes\u00edtm\u00e9nye 15 kilowatt, \u00e9lettartama el\u00e9ri a h\u00faszezer \u00fczem\u00f3r\u00e1t. A haj\u00f3 2,88 kilogramm hidrog\u00e9nt t\u00e1rol, ami 46 kilowatt\u00f3ra villamos energi\u00e1t jelent. Ezzel teljes g\u00e1zzal hajtva 3 \u00f3r\u00e1s menetid\u0151vel mintegy 66 kilom\u00e9ter utat tud megtenni, de a teljes\u00edtm\u00e9ny cs\u00f6kkent\u00e9s\u00e9vel ez a t\u00e1v n\u00f6velhet\u0151.<\/p>\n","protected":false},"author":2,"featured_media":83332,"comment_status":"open","ping_status":"open","sticky":false,"template":"","format":"standard","meta":{"_acf_changed":false,"footnotes":""},"categories":[172],"tags":[],"class_list":["post-83126","post","type-post","status-publish","format-standard","has-post-thumbnail","hentry","category-hirek"],"acf":[],"yoast_head":"<!-- This site is optimized with the Yoast SEO plugin v27.5 - https:\/\/yoast.com\/product\/yoast-seo-wordpress\/ -->\n<title>Balatonkenes\u00e9n deb\u00fct\u00e1lt a magyar fejleszt\u00e9s\u0171 hidrog\u00e9n\u00fczem\u0171 haj\u00f3 (MTI) - Kontakt Elektro<\/title>\n<meta name=\"robots\" content=\"index, follow, max-snippet:-1, max-image-preview:large, max-video-preview:-1\" \/>\n<link rel=\"canonical\" href=\"https:\/\/www.kontakt-elektro.hu\/hirek\/balatonkenesen-debutalt-a-magyar-fejlesztesu-hidrogenuzemu-hajo-mti\/\" \/>\n<meta property=\"og:locale\" content=\"hu_HU\" \/>\n<meta property=\"og:type\" content=\"article\" \/>\n<meta property=\"og:title\" content=\"Balatonkenes\u00e9n deb\u00fct\u00e1lt a magyar fejleszt\u00e9s\u0171 hidrog\u00e9n\u00fczem\u0171 haj\u00f3 (MTI) - Kontakt Elektro\" \/>\n<meta property=\"og:description\" content=\"2020. szeptember 4. 18:01 - hirbalaton.hu\/i Bemutatt\u00e1k az els\u0151 magyar fejleszt\u00e9s\u0171 hidrog\u00e9n\u00fczem\u0171 \u00fczemanyagcell\u00e1s kishaj\u00f3t p\u00e9nteken Balatonkenes\u00e9n, a Balaton Boat Show rendezv\u00e9ny\u00e9nek r\u00e9szek\u00e9nt tartott konferenci\u00e1n. A Nemzeti Hidrog\u00e9n-technol\u00f3giai Platform szervez\u00e9s\u00e9ben tartott rendezv\u00e9nyen a platform ir\u00e1ny\u00edt\u00f3bizotts\u00e1g\u00e1nak eln\u00f6ke elmondta: a hidrog\u00e9n\u00fczem\u0171 \u00fczemanyagcell\u00e1k\u00e9 a j\u00f6v\u0151 a k\u00f6zleked\u00e9sben, legyen sz\u00f3 haj\u00f3kr\u00f3l, aut\u00f3kr\u00f3l, aut\u00f3buszokr\u00f3l vagy vonatokr\u00f3l.  Leps\u00e9nyi Istv\u00e1n t\u00e1j\u00e9koztat\u00e1sa szerint jelenleg is legal\u00e1bb 200 elektromos meghajt\u00e1s\u00fa haj\u00f3 van a Balatonon, de az \u00fajonnan fejlesztett kishaj\u00f3ban az elektromos energi\u00e1t nem akkumul\u00e1tor biztos\u00edtja, hanem hidrog\u00e9n \u00fczemanyagcella. Hozz\u00e1tette: az elektromos meghajt\u00e1s\u00fa j\u00e1rm\u0171vek a Balaton tisztas\u00e1g\u00e1nak meg\u0151rz\u00e9se \u00e9rdek\u00e9ben is fontosak, ezek k\u00f6z\u00fcl pedig a hidrog\u00e9n \u00fczemanyagcell\u00e1s megold\u00e1s a legnagyobb hat\u00f3t\u00e1vols\u00e1g\u00fa \u00e9s a leghat\u00e9konyabb. Az akkumul\u00e1torr\u00f3l m\u0171k\u00f6d\u0151 elektromos haj\u00f3kn\u00e1l ugyanis nem t\u00fal hossz\u00fa ideig \u2013 nagyj\u00e1b\u00f3l f\u00e9l vagy h\u00e1romnegyed \u00f3r\u00e1ig \u2013 tart ki az akkumul\u00e1tor, ami arra elegend\u0151, hogy tal\u00e1n keresztbe \u00e1t lehet szelni vele a Balatont. Egy hidrog\u00e9n \u00fczemanyagcell\u00e1s meghajt\u00e1s\u00fa haj\u00f3 hat\u00f3t\u00e1vols\u00e1ga azonban k\u00f6zel 80 kilom\u00e9ter \u2013 emelte ki. Mint mondta: egyed\u00fcl az jelent probl\u00e9m\u00e1t, hogy Magyarorsz\u00e1gon egyel\u0151re nincs hidrog\u00e9n \u00fczemanyagt\u00f6lt\u0151 \u00e1llom\u00e1s. Ausztri\u00e1ban \u00e9s N\u00e9metorsz\u00e1gban m\u00e1r m\u0171k\u00f6dnek ilyenek, de Leps\u00e9nyi Istv\u00e1n szerint a hidrog\u00e9n\u00fczem\u0171 \u00fczemanyagcell\u00e1s j\u00e1rm\u0171vek megjelen\u00e9se felkelti majd az \u00fczemanyaggal foglalkoz\u00f3 c\u00e9gek \u00e9rdekl\u0151d\u00e9s\u00e9t is. Hangs\u00falyozta: a hidrog\u00e9n hasznos eszk\u00f6z ahhoz, hogy m\u00e9g tiszt\u00e1bb k\u00f6rnyezetben \u00e9lj\u00fcnk a j\u00f6v\u0151ben. V\u00e9lem\u00e9nye szerint az akkumul\u00e1torokn\u00e1l k\u00f6rnyezetv\u00e9delmi szempontb\u00f3l nem optim\u00e1lis, hogy felt\u00f6lt\u00e9s\u00e9hez az \u00e1ramot gyakran fosszilis energiaforr\u00e1sok \u00e9get\u00e9s\u00e9vel teremtik el\u0151. Ilyenkor hi\u00e1ba k\u00f6zlekedik valaki elektromos j\u00e1rm\u0171vel, ugyan\u00fagy sz\u00e9n-dioxid keletkezik, csak nem a j\u00e1rm\u0171n\u00e9l, hanem valahol m\u00e1shol. A hidrog\u00e9n azonban t\u00f6k\u00e9letesen ki tudja v\u00e1ltani a fosszilis energiaforr\u00e1sokat, r\u00e1ad\u00e1sul Magyarorsz\u00e1gon Paks II bel\u00e9p\u00e9s\u00e9vel lesz elegend\u0151 \u00e1rammennyis\u00e9g a hidrog\u00e9n sz\u00e9n-dioxid k\u00e9pz\u0151d\u00e9s n\u00e9lk\u00fcli el\u0151\u00e1ll\u00edt\u00e1s\u00e1ra \u2013 jelentette ki Leps\u00e9nyi Istv\u00e1n. A gy\u00e1rt\u00f3 p\u00e9csi Kontakt-Elektro Kft. t\u00e1j\u00e9koztat\u00e1sa szerint a Balatonkenes\u00e9n bemutatott haj\u00f3 s\u00falya 950 kilogramm, hossza 6,2 m\u00e9ter, sz\u00e9less\u00e9ge 2,1 m\u00e9ter, mer\u00fcl\u00e9se pedig 0,5 m\u00e9ter, a fed\u00e9lzeten 7+1 ember sz\u00e1ll\u00edthat\u00f3, maxim\u00e1lis sebess\u00e9ge \u00f3r\u00e1nk\u00e9nt 22 kilom\u00e9ter. A t\u00fczel\u0151anyag-cella teljes\u00edtm\u00e9nye 15 kilowatt, \u00e9lettartama el\u00e9ri a h\u00faszezer \u00fczem\u00f3r\u00e1t. A haj\u00f3 2,88 kilogramm hidrog\u00e9nt t\u00e1rol, ami 46 kilowatt\u00f3ra villamos energi\u00e1t jelent. Ezzel teljes g\u00e1zzal hajtva 3 \u00f3r\u00e1s menetid\u0151vel mintegy 66 kilom\u00e9ter utat tud megtenni, de a teljes\u00edtm\u00e9ny cs\u00f6kkent\u00e9s\u00e9vel ez a t\u00e1v n\u00f6velhet\u0151.\" \/>\n<meta property=\"og:url\" content=\"https:\/\/www.kontakt-elektro.hu\/hirek\/balatonkenesen-debutalt-a-magyar-fejlesztesu-hidrogenuzemu-hajo-mti\/\" \/>\n<meta property=\"og:site_name\" content=\"Kontakt Elektro\" \/>\n<meta property=\"article:publisher\" content=\"https:\/\/www.facebook.com\/KONTAKT.Elektro.Kft\/\" \/>\n<meta property=\"article:published_time\" content=\"2020-09-04T08:12:54+00:00\" \/>\n<meta property=\"article:modified_time\" content=\"2020-09-25T07:06:17+00:00\" \/>\n<meta property=\"og:image\" content=\"https:\/\/www.kontakt-elektro.hu\/wp-content\/uploads\/2020\/08\/IMG_Hajokiallitas-scaled.jpg\" \/>\n\t<meta property=\"og:image:width\" content=\"2560\" \/>\n\t<meta property=\"og:image:height\" content=\"1920\" \/>\n\t<meta property=\"og:image:type\" content=\"image\/jpeg\" \/>\n<meta name=\"author\" content=\"W5Labs\" \/>\n<meta name=\"twitter:card\" content=\"summary_large_image\" \/>\n<meta name=\"twitter:label1\" content=\"Szerz\u0151:\" \/>\n\t<meta name=\"twitter:data1\" content=\"W5Labs\" \/>\n\t<meta name=\"twitter:label2\" content=\"Becs\u00fclt olvas\u00e1si id\u0151\" \/>\n\t<meta name=\"twitter:data2\" content=\"4 perc\" \/>\n<script type=\"application\/ld+json\" class=\"yoast-schema-graph\">{\"@context\":\"https:\\\/\\\/schema.org\",\"@graph\":[{\"@type\":\"Article\",\"@id\":\"https:\\\/\\\/www.kontakt-elektro.hu\\\/hirek\\\/balatonkenesen-debutalt-a-magyar-fejlesztesu-hidrogenuzemu-hajo-mti\\\/#article\",\"isPartOf\":{\"@id\":\"https:\\\/\\\/www.kontakt-elektro.hu\\\/hirek\\\/balatonkenesen-debutalt-a-magyar-fejlesztesu-hidrogenuzemu-hajo-mti\\\/\"},\"author\":{\"name\":\"W5Labs\",\"@id\":\"https:\\\/\\\/www.kontakt-elektro.hu\\\/#\\\/schema\\\/person\\\/232cdd3f357932d0a3d723c68b15b6de\"},\"headline\":\"Balatonkenes\u00e9n deb\u00fct\u00e1lt a magyar fejleszt\u00e9s\u0171 hidrog\u00e9n\u00fczem\u0171 haj\u00f3 (MTI)\",\"datePublished\":\"2020-09-04T08:12:54+00:00\",\"dateModified\":\"2020-09-25T07:06:17+00:00\",\"mainEntityOfPage\":{\"@id\":\"https:\\\/\\\/www.kontakt-elektro.hu\\\/hirek\\\/balatonkenesen-debutalt-a-magyar-fejlesztesu-hidrogenuzemu-hajo-mti\\\/\"},\"wordCount\":775,\"commentCount\":0,\"publisher\":{\"@id\":\"https:\\\/\\\/www.kontakt-elektro.hu\\\/#organization\"},\"image\":{\"@id\":\"https:\\\/\\\/www.kontakt-elektro.hu\\\/hirek\\\/balatonkenesen-debutalt-a-magyar-fejlesztesu-hidrogenuzemu-hajo-mti\\\/#primaryimage\"},\"thumbnailUrl\":\"https:\\\/\\\/www.kontakt-elektro.hu\\\/wp-content\\\/uploads\\\/2020\\\/08\\\/IMG_Hajokiallitas-scaled.jpg\",\"articleSection\":[\"H\u00edrek\"],\"inLanguage\":\"hu\",\"potentialAction\":[{\"@type\":\"CommentAction\",\"name\":\"Comment\",\"target\":[\"https:\\\/\\\/www.kontakt-elektro.hu\\\/hirek\\\/balatonkenesen-debutalt-a-magyar-fejlesztesu-hidrogenuzemu-hajo-mti\\\/#respond\"]}]},{\"@type\":\"WebPage\",\"@id\":\"https:\\\/\\\/www.kontakt-elektro.hu\\\/hirek\\\/balatonkenesen-debutalt-a-magyar-fejlesztesu-hidrogenuzemu-hajo-mti\\\/\",\"url\":\"https:\\\/\\\/www.kontakt-elektro.hu\\\/hirek\\\/balatonkenesen-debutalt-a-magyar-fejlesztesu-hidrogenuzemu-hajo-mti\\\/\",\"name\":\"Balatonkenes\u00e9n deb\u00fct\u00e1lt a magyar fejleszt\u00e9s\u0171 hidrog\u00e9n\u00fczem\u0171 haj\u00f3 (MTI) - Kontakt Elektro\",\"isPartOf\":{\"@id\":\"https:\\\/\\\/www.kontakt-elektro.hu\\\/#website\"},\"primaryImageOfPage\":{\"@id\":\"https:\\\/\\\/www.kontakt-elektro.hu\\\/hirek\\\/balatonkenesen-debutalt-a-magyar-fejlesztesu-hidrogenuzemu-hajo-mti\\\/#primaryimage\"},\"image\":{\"@id\":\"https:\\\/\\\/www.kontakt-elektro.hu\\\/hirek\\\/balatonkenesen-debutalt-a-magyar-fejlesztesu-hidrogenuzemu-hajo-mti\\\/#primaryimage\"},\"thumbnailUrl\":\"https:\\\/\\\/www.kontakt-elektro.hu\\\/wp-content\\\/uploads\\\/2020\\\/08\\\/IMG_Hajokiallitas-scaled.jpg\",\"datePublished\":\"2020-09-04T08:12:54+00:00\",\"dateModified\":\"2020-09-25T07:06:17+00:00\",\"breadcrumb\":{\"@id\":\"https:\\\/\\\/www.kontakt-elektro.hu\\\/hirek\\\/balatonkenesen-debutalt-a-magyar-fejlesztesu-hidrogenuzemu-hajo-mti\\\/#breadcrumb\"},\"inLanguage\":\"hu\",\"potentialAction\":[{\"@type\":\"ReadAction\",\"target\":[\"https:\\\/\\\/www.kontakt-elektro.hu\\\/hirek\\\/balatonkenesen-debutalt-a-magyar-fejlesztesu-hidrogenuzemu-hajo-mti\\\/\"]}]},{\"@type\":\"ImageObject\",\"inLanguage\":\"hu\",\"@id\":\"https:\\\/\\\/www.kontakt-elektro.hu\\\/hirek\\\/balatonkenesen-debutalt-a-magyar-fejlesztesu-hidrogenuzemu-hajo-mti\\\/#primaryimage\",\"url\":\"https:\\\/\\\/www.kontakt-elektro.hu\\\/wp-content\\\/uploads\\\/2020\\\/08\\\/IMG_Hajokiallitas-scaled.jpg\",\"contentUrl\":\"https:\\\/\\\/www.kontakt-elektro.hu\\\/wp-content\\\/uploads\\\/2020\\\/08\\\/IMG_Hajokiallitas-scaled.jpg\",\"width\":2560,\"height\":1920},{\"@type\":\"BreadcrumbList\",\"@id\":\"https:\\\/\\\/www.kontakt-elektro.hu\\\/hirek\\\/balatonkenesen-debutalt-a-magyar-fejlesztesu-hidrogenuzemu-hajo-mti\\\/#breadcrumb\",\"itemListElement\":[{\"@type\":\"ListItem\",\"position\":1,\"name\":\"kezd\u0151lap\",\"item\":\"https:\\\/\\\/www.kontakt-elektro.hu\\\/\"},{\"@type\":\"ListItem\",\"position\":2,\"name\":\"Balatonkenes\u00e9n deb\u00fct\u00e1lt a magyar fejleszt\u00e9s\u0171 hidrog\u00e9n\u00fczem\u0171 haj\u00f3 (MTI)\"}]},{\"@type\":\"WebSite\",\"@id\":\"https:\\\/\\\/www.kontakt-elektro.hu\\\/#website\",\"url\":\"https:\\\/\\\/www.kontakt-elektro.hu\\\/\",\"name\":\"Kontakt Elektro\",\"description\":\"\",\"publisher\":{\"@id\":\"https:\\\/\\\/www.kontakt-elektro.hu\\\/#organization\"},\"potentialAction\":[{\"@type\":\"SearchAction\",\"target\":{\"@type\":\"EntryPoint\",\"urlTemplate\":\"https:\\\/\\\/www.kontakt-elektro.hu\\\/?s={search_term_string}\"},\"query-input\":{\"@type\":\"PropertyValueSpecification\",\"valueRequired\":true,\"valueName\":\"search_term_string\"}}],\"inLanguage\":\"hu\"},{\"@type\":\"Organization\",\"@id\":\"https:\\\/\\\/www.kontakt-elektro.hu\\\/#organization\",\"name\":\"Kontakt Elektro\",\"url\":\"https:\\\/\\\/www.kontakt-elektro.hu\\\/\",\"logo\":{\"@type\":\"ImageObject\",\"inLanguage\":\"hu\",\"@id\":\"https:\\\/\\\/www.kontakt-elektro.hu\\\/#\\\/schema\\\/logo\\\/image\\\/\",\"url\":\"https:\\\/\\\/www.kontakt-elektro.hu\\\/wp-content\\\/uploads\\\/2021\\\/05\\\/Kontakt-Elektro.jpg\",\"contentUrl\":\"https:\\\/\\\/www.kontakt-elektro.hu\\\/wp-content\\\/uploads\\\/2021\\\/05\\\/Kontakt-Elektro.jpg\",\"width\":1200,\"height\":630,\"caption\":\"Kontakt Elektro\"},\"image\":{\"@id\":\"https:\\\/\\\/www.kontakt-elektro.hu\\\/#\\\/schema\\\/logo\\\/image\\\/\"},\"sameAs\":[\"https:\\\/\\\/www.facebook.com\\\/KONTAKT.Elektro.Kft\\\/\",\"https:\\\/\\\/www.linkedin.com\\\/company\\\/kontakt-elektro-ltd.\"]},{\"@type\":\"Person\",\"@id\":\"https:\\\/\\\/www.kontakt-elektro.hu\\\/#\\\/schema\\\/person\\\/232cdd3f357932d0a3d723c68b15b6de\",\"name\":\"W5Labs\",\"image\":{\"@type\":\"ImageObject\",\"inLanguage\":\"hu\",\"@id\":\"https:\\\/\\\/secure.gravatar.com\\\/avatar\\\/c914d93a6016ea0a2a73a82454558da6ca0797ad3535fdc29409b35a0e0ef6c5?s=96&d=mm&r=g\",\"url\":\"https:\\\/\\\/secure.gravatar.com\\\/avatar\\\/c914d93a6016ea0a2a73a82454558da6ca0797ad3535fdc29409b35a0e0ef6c5?s=96&d=mm&r=g\",\"contentUrl\":\"https:\\\/\\\/secure.gravatar.com\\\/avatar\\\/c914d93a6016ea0a2a73a82454558da6ca0797ad3535fdc29409b35a0e0ef6c5?s=96&d=mm&r=g\",\"caption\":\"W5Labs\"},\"url\":\"https:\\\/\\\/www.kontakt-elektro.hu\\\/hu\\\/author\\\/remco\\\/\"}]}<\/script>\n<!-- \/ Yoast SEO plugin. -->","yoast_head_json":{"title":"Balatonkenes\u00e9n deb\u00fct\u00e1lt a magyar fejleszt\u00e9s\u0171 hidrog\u00e9n\u00fczem\u0171 haj\u00f3 (MTI) - Kontakt Elektro","robots":{"index":"index","follow":"follow","max-snippet":"max-snippet:-1","max-image-preview":"max-image-preview:large","max-video-preview":"max-video-preview:-1"},"canonical":"https:\/\/www.kontakt-elektro.hu\/hirek\/balatonkenesen-debutalt-a-magyar-fejlesztesu-hidrogenuzemu-hajo-mti\/","og_locale":"hu_HU","og_type":"article","og_title":"Balatonkenes\u00e9n deb\u00fct\u00e1lt a magyar fejleszt\u00e9s\u0171 hidrog\u00e9n\u00fczem\u0171 haj\u00f3 (MTI) - Kontakt Elektro","og_description":"2020. szeptember 4. 18:01 - hirbalaton.hu\/i Bemutatt\u00e1k az els\u0151 magyar fejleszt\u00e9s\u0171 hidrog\u00e9n\u00fczem\u0171 \u00fczemanyagcell\u00e1s kishaj\u00f3t p\u00e9nteken Balatonkenes\u00e9n, a Balaton Boat Show rendezv\u00e9ny\u00e9nek r\u00e9szek\u00e9nt tartott konferenci\u00e1n. A Nemzeti Hidrog\u00e9n-technol\u00f3giai Platform szervez\u00e9s\u00e9ben tartott rendezv\u00e9nyen a platform ir\u00e1ny\u00edt\u00f3bizotts\u00e1g\u00e1nak eln\u00f6ke elmondta: a hidrog\u00e9n\u00fczem\u0171 \u00fczemanyagcell\u00e1k\u00e9 a j\u00f6v\u0151 a k\u00f6zleked\u00e9sben, legyen sz\u00f3 haj\u00f3kr\u00f3l, aut\u00f3kr\u00f3l, aut\u00f3buszokr\u00f3l vagy vonatokr\u00f3l.  Leps\u00e9nyi Istv\u00e1n t\u00e1j\u00e9koztat\u00e1sa szerint jelenleg is legal\u00e1bb 200 elektromos meghajt\u00e1s\u00fa haj\u00f3 van a Balatonon, de az \u00fajonnan fejlesztett kishaj\u00f3ban az elektromos energi\u00e1t nem akkumul\u00e1tor biztos\u00edtja, hanem hidrog\u00e9n \u00fczemanyagcella. Hozz\u00e1tette: az elektromos meghajt\u00e1s\u00fa j\u00e1rm\u0171vek a Balaton tisztas\u00e1g\u00e1nak meg\u0151rz\u00e9se \u00e9rdek\u00e9ben is fontosak, ezek k\u00f6z\u00fcl pedig a hidrog\u00e9n \u00fczemanyagcell\u00e1s megold\u00e1s a legnagyobb hat\u00f3t\u00e1vols\u00e1g\u00fa \u00e9s a leghat\u00e9konyabb. Az akkumul\u00e1torr\u00f3l m\u0171k\u00f6d\u0151 elektromos haj\u00f3kn\u00e1l ugyanis nem t\u00fal hossz\u00fa ideig \u2013 nagyj\u00e1b\u00f3l f\u00e9l vagy h\u00e1romnegyed \u00f3r\u00e1ig \u2013 tart ki az akkumul\u00e1tor, ami arra elegend\u0151, hogy tal\u00e1n keresztbe \u00e1t lehet szelni vele a Balatont. Egy hidrog\u00e9n \u00fczemanyagcell\u00e1s meghajt\u00e1s\u00fa haj\u00f3 hat\u00f3t\u00e1vols\u00e1ga azonban k\u00f6zel 80 kilom\u00e9ter \u2013 emelte ki. Mint mondta: egyed\u00fcl az jelent probl\u00e9m\u00e1t, hogy Magyarorsz\u00e1gon egyel\u0151re nincs hidrog\u00e9n \u00fczemanyagt\u00f6lt\u0151 \u00e1llom\u00e1s. Ausztri\u00e1ban \u00e9s N\u00e9metorsz\u00e1gban m\u00e1r m\u0171k\u00f6dnek ilyenek, de Leps\u00e9nyi Istv\u00e1n szerint a hidrog\u00e9n\u00fczem\u0171 \u00fczemanyagcell\u00e1s j\u00e1rm\u0171vek megjelen\u00e9se felkelti majd az \u00fczemanyaggal foglalkoz\u00f3 c\u00e9gek \u00e9rdekl\u0151d\u00e9s\u00e9t is. Hangs\u00falyozta: a hidrog\u00e9n hasznos eszk\u00f6z ahhoz, hogy m\u00e9g tiszt\u00e1bb k\u00f6rnyezetben \u00e9lj\u00fcnk a j\u00f6v\u0151ben. V\u00e9lem\u00e9nye szerint az akkumul\u00e1torokn\u00e1l k\u00f6rnyezetv\u00e9delmi szempontb\u00f3l nem optim\u00e1lis, hogy felt\u00f6lt\u00e9s\u00e9hez az \u00e1ramot gyakran fosszilis energiaforr\u00e1sok \u00e9get\u00e9s\u00e9vel teremtik el\u0151. Ilyenkor hi\u00e1ba k\u00f6zlekedik valaki elektromos j\u00e1rm\u0171vel, ugyan\u00fagy sz\u00e9n-dioxid keletkezik, csak nem a j\u00e1rm\u0171n\u00e9l, hanem valahol m\u00e1shol. A hidrog\u00e9n azonban t\u00f6k\u00e9letesen ki tudja v\u00e1ltani a fosszilis energiaforr\u00e1sokat, r\u00e1ad\u00e1sul Magyarorsz\u00e1gon Paks II bel\u00e9p\u00e9s\u00e9vel lesz elegend\u0151 \u00e1rammennyis\u00e9g a hidrog\u00e9n sz\u00e9n-dioxid k\u00e9pz\u0151d\u00e9s n\u00e9lk\u00fcli el\u0151\u00e1ll\u00edt\u00e1s\u00e1ra \u2013 jelentette ki Leps\u00e9nyi Istv\u00e1n. A gy\u00e1rt\u00f3 p\u00e9csi Kontakt-Elektro Kft. t\u00e1j\u00e9koztat\u00e1sa szerint a Balatonkenes\u00e9n bemutatott haj\u00f3 s\u00falya 950 kilogramm, hossza 6,2 m\u00e9ter, sz\u00e9less\u00e9ge 2,1 m\u00e9ter, mer\u00fcl\u00e9se pedig 0,5 m\u00e9ter, a fed\u00e9lzeten 7+1 ember sz\u00e1ll\u00edthat\u00f3, maxim\u00e1lis sebess\u00e9ge \u00f3r\u00e1nk\u00e9nt 22 kilom\u00e9ter. A t\u00fczel\u0151anyag-cella teljes\u00edtm\u00e9nye 15 kilowatt, \u00e9lettartama el\u00e9ri a h\u00faszezer \u00fczem\u00f3r\u00e1t. A haj\u00f3 2,88 kilogramm hidrog\u00e9nt t\u00e1rol, ami 46 kilowatt\u00f3ra villamos energi\u00e1t jelent. Ezzel teljes g\u00e1zzal hajtva 3 \u00f3r\u00e1s menetid\u0151vel mintegy 66 kilom\u00e9ter utat tud megtenni, de a teljes\u00edtm\u00e9ny cs\u00f6kkent\u00e9s\u00e9vel ez a t\u00e1v n\u00f6velhet\u0151.","og_url":"https:\/\/www.kontakt-elektro.hu\/hirek\/balatonkenesen-debutalt-a-magyar-fejlesztesu-hidrogenuzemu-hajo-mti\/","og_site_name":"Kontakt Elektro","article_publisher":"https:\/\/www.facebook.com\/KONTAKT.Elektro.Kft\/","article_published_time":"2020-09-04T08:12:54+00:00","article_modified_time":"2020-09-25T07:06:17+00:00","og_image":[{"width":2560,"height":1920,"url":"https:\/\/www.kontakt-elektro.hu\/wp-content\/uploads\/2020\/08\/IMG_Hajokiallitas-scaled.jpg","type":"image\/jpeg"}],"author":"W5Labs","twitter_card":"summary_large_image","twitter_misc":{"Szerz\u0151:":"W5Labs","Becs\u00fclt olvas\u00e1si id\u0151":"4 perc"},"schema":{"@context":"https:\/\/schema.org","@graph":[{"@type":"Article","@id":"https:\/\/www.kontakt-elektro.hu\/hirek\/balatonkenesen-debutalt-a-magyar-fejlesztesu-hidrogenuzemu-hajo-mti\/#article","isPartOf":{"@id":"https:\/\/www.kontakt-elektro.hu\/hirek\/balatonkenesen-debutalt-a-magyar-fejlesztesu-hidrogenuzemu-hajo-mti\/"},"author":{"name":"W5Labs","@id":"https:\/\/www.kontakt-elektro.hu\/#\/schema\/person\/232cdd3f357932d0a3d723c68b15b6de"},"headline":"Balatonkenes\u00e9n deb\u00fct\u00e1lt a magyar fejleszt\u00e9s\u0171 hidrog\u00e9n\u00fczem\u0171 haj\u00f3 (MTI)","datePublished":"2020-09-04T08:12:54+00:00","dateModified":"2020-09-25T07:06:17+00:00","mainEntityOfPage":{"@id":"https:\/\/www.kontakt-elektro.hu\/hirek\/balatonkenesen-debutalt-a-magyar-fejlesztesu-hidrogenuzemu-hajo-mti\/"},"wordCount":775,"commentCount":0,"publisher":{"@id":"https:\/\/www.kontakt-elektro.hu\/#organization"},"image":{"@id":"https:\/\/www.kontakt-elektro.hu\/hirek\/balatonkenesen-debutalt-a-magyar-fejlesztesu-hidrogenuzemu-hajo-mti\/#primaryimage"},"thumbnailUrl":"https:\/\/www.kontakt-elektro.hu\/wp-content\/uploads\/2020\/08\/IMG_Hajokiallitas-scaled.jpg","articleSection":["H\u00edrek"],"inLanguage":"hu","potentialAction":[{"@type":"CommentAction","name":"Comment","target":["https:\/\/www.kontakt-elektro.hu\/hirek\/balatonkenesen-debutalt-a-magyar-fejlesztesu-hidrogenuzemu-hajo-mti\/#respond"]}]},{"@type":"WebPage","@id":"https:\/\/www.kontakt-elektro.hu\/hirek\/balatonkenesen-debutalt-a-magyar-fejlesztesu-hidrogenuzemu-hajo-mti\/","url":"https:\/\/www.kontakt-elektro.hu\/hirek\/balatonkenesen-debutalt-a-magyar-fejlesztesu-hidrogenuzemu-hajo-mti\/","name":"Balatonkenes\u00e9n deb\u00fct\u00e1lt a magyar fejleszt\u00e9s\u0171 hidrog\u00e9n\u00fczem\u0171 haj\u00f3 (MTI) - Kontakt Elektro","isPartOf":{"@id":"https:\/\/www.kontakt-elektro.hu\/#website"},"primaryImageOfPage":{"@id":"https:\/\/www.kontakt-elektro.hu\/hirek\/balatonkenesen-debutalt-a-magyar-fejlesztesu-hidrogenuzemu-hajo-mti\/#primaryimage"},"image":{"@id":"https:\/\/www.kontakt-elektro.hu\/hirek\/balatonkenesen-debutalt-a-magyar-fejlesztesu-hidrogenuzemu-hajo-mti\/#primaryimage"},"thumbnailUrl":"https:\/\/www.kontakt-elektro.hu\/wp-content\/uploads\/2020\/08\/IMG_Hajokiallitas-scaled.jpg","datePublished":"2020-09-04T08:12:54+00:00","dateModified":"2020-09-25T07:06:17+00:00","breadcrumb":{"@id":"https:\/\/www.kontakt-elektro.hu\/hirek\/balatonkenesen-debutalt-a-magyar-fejlesztesu-hidrogenuzemu-hajo-mti\/#breadcrumb"},"inLanguage":"hu","potentialAction":[{"@type":"ReadAction","target":["https:\/\/www.kontakt-elektro.hu\/hirek\/balatonkenesen-debutalt-a-magyar-fejlesztesu-hidrogenuzemu-hajo-mti\/"]}]},{"@type":"ImageObject","inLanguage":"hu","@id":"https:\/\/www.kontakt-elektro.hu\/hirek\/balatonkenesen-debutalt-a-magyar-fejlesztesu-hidrogenuzemu-hajo-mti\/#primaryimage","url":"https:\/\/www.kontakt-elektro.hu\/wp-content\/uploads\/2020\/08\/IMG_Hajokiallitas-scaled.jpg","contentUrl":"https:\/\/www.kontakt-elektro.hu\/wp-content\/uploads\/2020\/08\/IMG_Hajokiallitas-scaled.jpg","width":2560,"height":1920},{"@type":"BreadcrumbList","@id":"https:\/\/www.kontakt-elektro.hu\/hirek\/balatonkenesen-debutalt-a-magyar-fejlesztesu-hidrogenuzemu-hajo-mti\/#breadcrumb","itemListElement":[{"@type":"ListItem","position":1,"name":"kezd\u0151lap","item":"https:\/\/www.kontakt-elektro.hu\/"},{"@type":"ListItem","position":2,"name":"Balatonkenes\u00e9n deb\u00fct\u00e1lt a magyar fejleszt\u00e9s\u0171 hidrog\u00e9n\u00fczem\u0171 haj\u00f3 (MTI)"}]},{"@type":"WebSite","@id":"https:\/\/www.kontakt-elektro.hu\/#website","url":"https:\/\/www.kontakt-elektro.hu\/","name":"Kontakt Elektro","description":"","publisher":{"@id":"https:\/\/www.kontakt-elektro.hu\/#organization"},"potentialAction":[{"@type":"SearchAction","target":{"@type":"EntryPoint","urlTemplate":"https:\/\/www.kontakt-elektro.hu\/?s={search_term_string}"},"query-input":{"@type":"PropertyValueSpecification","valueRequired":true,"valueName":"search_term_string"}}],"inLanguage":"hu"},{"@type":"Organization","@id":"https:\/\/www.kontakt-elektro.hu\/#organization","name":"Kontakt Elektro","url":"https:\/\/www.kontakt-elektro.hu\/","logo":{"@type":"ImageObject","inLanguage":"hu","@id":"https:\/\/www.kontakt-elektro.hu\/#\/schema\/logo\/image\/","url":"https:\/\/www.kontakt-elektro.hu\/wp-content\/uploads\/2021\/05\/Kontakt-Elektro.jpg","contentUrl":"https:\/\/www.kontakt-elektro.hu\/wp-content\/uploads\/2021\/05\/Kontakt-Elektro.jpg","width":1200,"height":630,"caption":"Kontakt Elektro"},"image":{"@id":"https:\/\/www.kontakt-elektro.hu\/#\/schema\/logo\/image\/"},"sameAs":["https:\/\/www.facebook.com\/KONTAKT.Elektro.Kft\/","https:\/\/www.linkedin.com\/company\/kontakt-elektro-ltd."]},{"@type":"Person","@id":"https:\/\/www.kontakt-elektro.hu\/#\/schema\/person\/232cdd3f357932d0a3d723c68b15b6de","name":"W5Labs","image":{"@type":"ImageObject","inLanguage":"hu","@id":"https:\/\/secure.gravatar.com\/avatar\/c914d93a6016ea0a2a73a82454558da6ca0797ad3535fdc29409b35a0e0ef6c5?s=96&d=mm&r=g","url":"https:\/\/secure.gravatar.com\/avatar\/c914d93a6016ea0a2a73a82454558da6ca0797ad3535fdc29409b35a0e0ef6c5?s=96&d=mm&r=g","contentUrl":"https:\/\/secure.gravatar.com\/avatar\/c914d93a6016ea0a2a73a82454558da6ca0797ad3535fdc29409b35a0e0ef6c5?s=96&d=mm&r=g","caption":"W5Labs"},"url":"https:\/\/www.kontakt-elektro.hu\/hu\/author\/remco\/"}]}},"_links":{"self":[{"href":"https:\/\/www.kontakt-elektro.hu\/hu\/wp-json\/wp\/v2\/posts\/83126","targetHints":{"allow":["GET"]}}],"collection":[{"href":"https:\/\/www.kontakt-elektro.hu\/hu\/wp-json\/wp\/v2\/posts"}],"about":[{"href":"https:\/\/www.kontakt-elektro.hu\/hu\/wp-json\/wp\/v2\/types\/post"}],"author":[{"embeddable":true,"href":"https:\/\/www.kontakt-elektro.hu\/hu\/wp-json\/wp\/v2\/users\/2"}],"replies":[{"embeddable":true,"href":"https:\/\/www.kontakt-elektro.hu\/hu\/wp-json\/wp\/v2\/comments?post=83126"}],"version-history":[{"count":0,"href":"https:\/\/www.kontakt-elektro.hu\/hu\/wp-json\/wp\/v2\/posts\/83126\/revisions"}],"wp:featuredmedia":[{"embeddable":true,"href":"https:\/\/www.kontakt-elektro.hu\/hu\/wp-json\/wp\/v2\/media\/83332"}],"wp:attachment":[{"href":"https:\/\/www.kontakt-elektro.hu\/hu\/wp-json\/wp\/v2\/media?parent=83126"}],"wp:term":[{"taxonomy":"category","embeddable":true,"href":"https:\/\/www.kontakt-elektro.hu\/hu\/wp-json\/wp\/v2\/categories?post=83126"},{"taxonomy":"post_tag","embeddable":true,"href":"https:\/\/www.kontakt-elektro.hu\/hu\/wp-json\/wp\/v2\/tags?post=83126"}],"curies":[{"name":"wp","href":"https:\/\/api.w.org\/{rel}","templated":true}]}}