{"id":83124,"date":"2020-09-04T10:12:37","date_gmt":"2020-09-04T08:12:37","guid":{"rendered":"http:\/\/www.kontakt-elektro.hu\/?p=83124"},"modified":"2020-09-25T13:49:12","modified_gmt":"2020-09-25T11:49:12","slug":"hajozzunk-hidrogennel","status":"publish","type":"post","link":"https:\/\/www.kontakt-elektro.hu\/hu\/hirek\/hajozzunk-hidrogennel\/","title":{"rendered":"HAJ\u00d3ZZUNK HIDROG\u00c9NNEL!"},"content":{"rendered":"<div class=\"wpb-content-wrapper\"><p>[vc_row row_height_percent=&#8221;0&#8243; override_padding=&#8221;yes&#8221; h_padding=&#8221;2&#8243; top_padding=&#8221;3&#8243; bottom_padding=&#8221;3&#8243; overlay_alpha=&#8221;50&#8243; gutter_size=&#8221;3&#8243; column_width_use_pixel=&#8221;yes&#8221; shift_y=&#8221;0&#8243; z_index=&#8221;0&#8243; column_width_pixel=&#8221;800&#8243;][vc_column width=&#8221;1\/1&#8243;][vc_column_text]Csendes \u00fczem\u0171, magas hat\u00e1sfok\u00fa, megn\u00f6velt hat\u00f3t\u00e1vols\u00e1g\u00fa \u00e9s gazdas\u00e1gos \u00fczemeltet\u00e9s\u0171 a Balaton Boat Show-n bemutat\u00e1sra ker\u00fcl\u0151, magyar fejleszt\u00e9s\u0171\u00a0????hidrog\u00e9n \u00fczem\u0171 elektromos haj\u00f3 a KONTAKT-Elektro Kft.-t\u0151l.<br \/>\nA hidrog\u00e9n elektrok\u00e9miai el\u00e9get\u00e9s\u00e9vel termelt villamos energia hajtja a motort, az el\u0151\u00e1ll\u00f3 egyetlen mell\u00e9kterm\u00e9k pedig a tiszta v\u00edz.<\/p>\n<p>\u00dczemcsarnokunk melletti kis tavunkban m\u00e1r tesztelj\u00fck a hidrog\u00e9n-\u00fczem\u0171 elektromos haj\u00f3nkat!<\/p>\n<p><strong>Bemutat\u00f3:<\/strong> 2020. szeptember 04-06 Balatonkenese,<\/p>\n<p><strong>BalatonBoatShow<\/strong>\u00a0<a href=\"http:\/\/www.balatonboatshow.hu\/?fbclid=IwAR0J95zaN7ywJx1iEcvEX8iplHM1U_LSOwSE2KZA0PpEJS8QnB0duumGzxY\">www.balatonboatshow.hu<\/a>[\/vc_column_text][vc_single_image media=&#8221;83331&#8243; media_width_percent=&#8221;100&#8243;][\/vc_column][\/vc_row][vc_row row_height_percent=&#8221;0&#8243; override_padding=&#8221;yes&#8221; h_padding=&#8221;2&#8243; top_padding=&#8221;2&#8243; bottom_padding=&#8221;3&#8243; overlay_alpha=&#8221;50&#8243; gutter_size=&#8221;3&#8243; column_width_percent=&#8221;100&#8243; shift_y=&#8221;0&#8243; z_index=&#8221;0&#8243;][vc_column column_width_percent=&#8221;100&#8243; gutter_size=&#8221;2&#8243; overlay_alpha=&#8221;50&#8243; shift_x=&#8221;0&#8243; shift_y=&#8221;0&#8243; shift_y_down=&#8221;0&#8243; z_index=&#8221;0&#8243; medium_width=&#8221;0&#8243; mobile_width=&#8221;0&#8243; width=&#8221;1\/1&#8243;][vc_column_text el_class=&#8221;section-title&#8221;]<b>Tov\u00e1bbi<\/b><strong>\u00a0<\/strong><b>h\u00edrek<\/b>[\/vc_column_text][vc_separator sep_color=&#8221;color-133154&#8243; el_height=&#8221;1px&#8221;][vc_empty_space empty_h=&#8221;2&#8243;][uncode_index el_id=&#8221;index-131091&#8243; loop=&#8221;size:4|order_by:date|post_type:post|categories:172&#8243; gutter_size=&#8221;3&#8243; post_items=&#8221;media|featured|onpost|original,title,text|excerpt|90&#8243; screen_lg=&#8221;1000&#8243; screen_md=&#8221;600&#8243; screen_sm=&#8221;480&#8243; single_width=&#8221;3&#8243; images_size=&#8221;two-one&#8221; single_overlay_opacity=&#8221;50&#8243; single_overlay_anim=&#8221;no&#8221; single_padding=&#8221;2&#8243; single_title_semantic=&#8221;h4&#8243; single_title_dimension=&#8221;h4&#8243; single_title_weight=&#8221;700&#8243;][\/vc_column][\/vc_row][vc_row unlock_row_content=&#8221;yes&#8221; row_height_percent=&#8221;0&#8243; override_padding=&#8221;yes&#8221; h_padding=&#8221;0&#8243; top_padding=&#8221;2&#8243; bottom_padding=&#8221;2&#8243; overlay_alpha=&#8221;50&#8243; gutter_size=&#8221;3&#8243; column_width_percent=&#8221;100&#8243; shift_y=&#8221;0&#8243; z_index=&#8221;0&#8243;][vc_column width=&#8221;1\/1&#8243;][uncode_block id=&#8221;83020&#8243;][\/vc_column][\/vc_row]<\/p>\n<\/div>","protected":false},"excerpt":{"rendered":"<p>Csendes \u00fczem\u0171, magas hat\u00e1sfok\u00fa, megn\u00f6velt hat\u00f3t\u00e1vols\u00e1g\u00fa \u00e9s gazdas\u00e1gos \u00fczemeltet\u00e9s\u0171 a Balaton Boat Show-n bemutat\u00e1sra ker\u00fcl\u0151, magyar fejleszt\u00e9s\u0171 hidrog\u00e9n \u00fczem\u0171 elektromos haj\u00f3 a KONTAKT-Elektro Kft.-t\u0151l.<\/p>\n","protected":false},"author":2,"featured_media":83331,"comment_status":"open","ping_status":"open","sticky":false,"template":"","format":"standard","meta":{"_acf_changed":false,"footnotes":""},"categories":[172],"tags":[],"class_list":["post-83124","post","type-post","status-publish","format-standard","has-post-thumbnail","hentry","category-hirek"],"acf":[],"yoast_head":"<!-- This site is optimized with the Yoast SEO plugin v27.5 - https:\/\/yoast.com\/product\/yoast-seo-wordpress\/ -->\n<title>HAJ\u00d3ZZUNK HIDROG\u00c9NNEL! - Kontakt Elektro<\/title>\n<meta name=\"robots\" content=\"index, follow, max-snippet:-1, max-image-preview:large, max-video-preview:-1\" \/>\n<link rel=\"canonical\" href=\"https:\/\/www.kontakt-elektro.hu\/hirek\/hajozzunk-hidrogennel\/\" \/>\n<meta property=\"og:locale\" content=\"hu_HU\" \/>\n<meta property=\"og:type\" content=\"article\" \/>\n<meta property=\"og:title\" content=\"HAJ\u00d3ZZUNK HIDROG\u00c9NNEL! - Kontakt Elektro\" \/>\n<meta property=\"og:description\" content=\"Csendes \u00fczem\u0171, magas hat\u00e1sfok\u00fa, megn\u00f6velt hat\u00f3t\u00e1vols\u00e1g\u00fa \u00e9s gazdas\u00e1gos \u00fczemeltet\u00e9s\u0171 a Balaton Boat Show-n bemutat\u00e1sra ker\u00fcl\u0151, magyar fejleszt\u00e9s\u0171 hidrog\u00e9n \u00fczem\u0171 elektromos haj\u00f3 a KONTAKT-Elektro Kft.-t\u0151l.\" \/>\n<meta property=\"og:url\" content=\"https:\/\/www.kontakt-elektro.hu\/hirek\/hajozzunk-hidrogennel\/\" \/>\n<meta property=\"og:site_name\" content=\"Kontakt Elektro\" \/>\n<meta property=\"article:publisher\" content=\"https:\/\/www.facebook.com\/KONTAKT.Elektro.Kft\/\" \/>\n<meta property=\"article:published_time\" content=\"2020-09-04T08:12:37+00:00\" \/>\n<meta property=\"article:modified_time\" content=\"2020-09-25T11:49:12+00:00\" \/>\n<meta property=\"og:image\" content=\"https:\/\/www.kontakt-elektro.hu\/wp-content\/uploads\/2020\/08\/Hajo-a-telephelyen.jpg\" \/>\n\t<meta property=\"og:image:width\" content=\"2048\" \/>\n\t<meta property=\"og:image:height\" content=\"1365\" \/>\n\t<meta property=\"og:image:type\" content=\"image\/jpeg\" \/>\n<meta name=\"author\" content=\"W5Labs\" \/>\n<meta name=\"twitter:card\" content=\"summary_large_image\" \/>\n<meta name=\"twitter:label1\" content=\"Szerz\u0151:\" \/>\n\t<meta name=\"twitter:data1\" content=\"W5Labs\" \/>\n\t<meta name=\"twitter:label2\" content=\"Becs\u00fclt olvas\u00e1si id\u0151\" \/>\n\t<meta name=\"twitter:data2\" content=\"2 perc\" \/>\n<script type=\"application\/ld+json\" class=\"yoast-schema-graph\">{\"@context\":\"https:\\\/\\\/schema.org\",\"@graph\":[{\"@type\":\"Article\",\"@id\":\"https:\\\/\\\/www.kontakt-elektro.hu\\\/hirek\\\/hajozzunk-hidrogennel\\\/#article\",\"isPartOf\":{\"@id\":\"https:\\\/\\\/www.kontakt-elektro.hu\\\/hirek\\\/hajozzunk-hidrogennel\\\/\"},\"author\":{\"name\":\"W5Labs\",\"@id\":\"https:\\\/\\\/www.kontakt-elektro.hu\\\/#\\\/schema\\\/person\\\/232cdd3f357932d0a3d723c68b15b6de\"},\"headline\":\"HAJ\u00d3ZZUNK HIDROG\u00c9NNEL!\",\"datePublished\":\"2020-09-04T08:12:37+00:00\",\"dateModified\":\"2020-09-25T11:49:12+00:00\",\"mainEntityOfPage\":{\"@id\":\"https:\\\/\\\/www.kontakt-elektro.hu\\\/hirek\\\/hajozzunk-hidrogennel\\\/\"},\"wordCount\":314,\"commentCount\":0,\"publisher\":{\"@id\":\"https:\\\/\\\/www.kontakt-elektro.hu\\\/#organization\"},\"image\":{\"@id\":\"https:\\\/\\\/www.kontakt-elektro.hu\\\/hirek\\\/hajozzunk-hidrogennel\\\/#primaryimage\"},\"thumbnailUrl\":\"https:\\\/\\\/www.kontakt-elektro.hu\\\/wp-content\\\/uploads\\\/2020\\\/08\\\/Hajo-a-telephelyen.jpg\",\"articleSection\":[\"H\u00edrek\"],\"inLanguage\":\"hu\",\"potentialAction\":[{\"@type\":\"CommentAction\",\"name\":\"Comment\",\"target\":[\"https:\\\/\\\/www.kontakt-elektro.hu\\\/hirek\\\/hajozzunk-hidrogennel\\\/#respond\"]}]},{\"@type\":\"WebPage\",\"@id\":\"https:\\\/\\\/www.kontakt-elektro.hu\\\/hirek\\\/hajozzunk-hidrogennel\\\/\",\"url\":\"https:\\\/\\\/www.kontakt-elektro.hu\\\/hirek\\\/hajozzunk-hidrogennel\\\/\",\"name\":\"HAJ\u00d3ZZUNK HIDROG\u00c9NNEL! - Kontakt Elektro\",\"isPartOf\":{\"@id\":\"https:\\\/\\\/www.kontakt-elektro.hu\\\/#website\"},\"primaryImageOfPage\":{\"@id\":\"https:\\\/\\\/www.kontakt-elektro.hu\\\/hirek\\\/hajozzunk-hidrogennel\\\/#primaryimage\"},\"image\":{\"@id\":\"https:\\\/\\\/www.kontakt-elektro.hu\\\/hirek\\\/hajozzunk-hidrogennel\\\/#primaryimage\"},\"thumbnailUrl\":\"https:\\\/\\\/www.kontakt-elektro.hu\\\/wp-content\\\/uploads\\\/2020\\\/08\\\/Hajo-a-telephelyen.jpg\",\"datePublished\":\"2020-09-04T08:12:37+00:00\",\"dateModified\":\"2020-09-25T11:49:12+00:00\",\"breadcrumb\":{\"@id\":\"https:\\\/\\\/www.kontakt-elektro.hu\\\/hirek\\\/hajozzunk-hidrogennel\\\/#breadcrumb\"},\"inLanguage\":\"hu\",\"potentialAction\":[{\"@type\":\"ReadAction\",\"target\":[\"https:\\\/\\\/www.kontakt-elektro.hu\\\/hirek\\\/hajozzunk-hidrogennel\\\/\"]}]},{\"@type\":\"ImageObject\",\"inLanguage\":\"hu\",\"@id\":\"https:\\\/\\\/www.kontakt-elektro.hu\\\/hirek\\\/hajozzunk-hidrogennel\\\/#primaryimage\",\"url\":\"https:\\\/\\\/www.kontakt-elektro.hu\\\/wp-content\\\/uploads\\\/2020\\\/08\\\/Hajo-a-telephelyen.jpg\",\"contentUrl\":\"https:\\\/\\\/www.kontakt-elektro.hu\\\/wp-content\\\/uploads\\\/2020\\\/08\\\/Hajo-a-telephelyen.jpg\",\"width\":2048,\"height\":1365},{\"@type\":\"BreadcrumbList\",\"@id\":\"https:\\\/\\\/www.kontakt-elektro.hu\\\/hirek\\\/hajozzunk-hidrogennel\\\/#breadcrumb\",\"itemListElement\":[{\"@type\":\"ListItem\",\"position\":1,\"name\":\"kezd\u0151lap\",\"item\":\"https:\\\/\\\/www.kontakt-elektro.hu\\\/\"},{\"@type\":\"ListItem\",\"position\":2,\"name\":\"HAJ\u00d3ZZUNK HIDROG\u00c9NNEL!\"}]},{\"@type\":\"WebSite\",\"@id\":\"https:\\\/\\\/www.kontakt-elektro.hu\\\/#website\",\"url\":\"https:\\\/\\\/www.kontakt-elektro.hu\\\/\",\"name\":\"Kontakt Elektro\",\"description\":\"\",\"publisher\":{\"@id\":\"https:\\\/\\\/www.kontakt-elektro.hu\\\/#organization\"},\"potentialAction\":[{\"@type\":\"SearchAction\",\"target\":{\"@type\":\"EntryPoint\",\"urlTemplate\":\"https:\\\/\\\/www.kontakt-elektro.hu\\\/?s={search_term_string}\"},\"query-input\":{\"@type\":\"PropertyValueSpecification\",\"valueRequired\":true,\"valueName\":\"search_term_string\"}}],\"inLanguage\":\"hu\"},{\"@type\":\"Organization\",\"@id\":\"https:\\\/\\\/www.kontakt-elektro.hu\\\/#organization\",\"name\":\"Kontakt Elektro\",\"url\":\"https:\\\/\\\/www.kontakt-elektro.hu\\\/\",\"logo\":{\"@type\":\"ImageObject\",\"inLanguage\":\"hu\",\"@id\":\"https:\\\/\\\/www.kontakt-elektro.hu\\\/#\\\/schema\\\/logo\\\/image\\\/\",\"url\":\"https:\\\/\\\/www.kontakt-elektro.hu\\\/wp-content\\\/uploads\\\/2021\\\/05\\\/Kontakt-Elektro.jpg\",\"contentUrl\":\"https:\\\/\\\/www.kontakt-elektro.hu\\\/wp-content\\\/uploads\\\/2021\\\/05\\\/Kontakt-Elektro.jpg\",\"width\":1200,\"height\":630,\"caption\":\"Kontakt Elektro\"},\"image\":{\"@id\":\"https:\\\/\\\/www.kontakt-elektro.hu\\\/#\\\/schema\\\/logo\\\/image\\\/\"},\"sameAs\":[\"https:\\\/\\\/www.facebook.com\\\/KONTAKT.Elektro.Kft\\\/\",\"https:\\\/\\\/www.linkedin.com\\\/company\\\/kontakt-elektro-ltd.\"]},{\"@type\":\"Person\",\"@id\":\"https:\\\/\\\/www.kontakt-elektro.hu\\\/#\\\/schema\\\/person\\\/232cdd3f357932d0a3d723c68b15b6de\",\"name\":\"W5Labs\",\"image\":{\"@type\":\"ImageObject\",\"inLanguage\":\"hu\",\"@id\":\"https:\\\/\\\/secure.gravatar.com\\\/avatar\\\/c914d93a6016ea0a2a73a82454558da6ca0797ad3535fdc29409b35a0e0ef6c5?s=96&d=mm&r=g\",\"url\":\"https:\\\/\\\/secure.gravatar.com\\\/avatar\\\/c914d93a6016ea0a2a73a82454558da6ca0797ad3535fdc29409b35a0e0ef6c5?s=96&d=mm&r=g\",\"contentUrl\":\"https:\\\/\\\/secure.gravatar.com\\\/avatar\\\/c914d93a6016ea0a2a73a82454558da6ca0797ad3535fdc29409b35a0e0ef6c5?s=96&d=mm&r=g\",\"caption\":\"W5Labs\"},\"url\":\"https:\\\/\\\/www.kontakt-elektro.hu\\\/hu\\\/author\\\/remco\\\/\"}]}<\/script>\n<!-- \/ Yoast SEO plugin. -->","yoast_head_json":{"title":"HAJ\u00d3ZZUNK HIDROG\u00c9NNEL! - Kontakt Elektro","robots":{"index":"index","follow":"follow","max-snippet":"max-snippet:-1","max-image-preview":"max-image-preview:large","max-video-preview":"max-video-preview:-1"},"canonical":"https:\/\/www.kontakt-elektro.hu\/hirek\/hajozzunk-hidrogennel\/","og_locale":"hu_HU","og_type":"article","og_title":"HAJ\u00d3ZZUNK HIDROG\u00c9NNEL! - Kontakt Elektro","og_description":"Csendes \u00fczem\u0171, magas hat\u00e1sfok\u00fa, megn\u00f6velt hat\u00f3t\u00e1vols\u00e1g\u00fa \u00e9s gazdas\u00e1gos \u00fczemeltet\u00e9s\u0171 a Balaton Boat Show-n bemutat\u00e1sra ker\u00fcl\u0151, magyar fejleszt\u00e9s\u0171 hidrog\u00e9n \u00fczem\u0171 elektromos haj\u00f3 a KONTAKT-Elektro Kft.-t\u0151l.","og_url":"https:\/\/www.kontakt-elektro.hu\/hirek\/hajozzunk-hidrogennel\/","og_site_name":"Kontakt Elektro","article_publisher":"https:\/\/www.facebook.com\/KONTAKT.Elektro.Kft\/","article_published_time":"2020-09-04T08:12:37+00:00","article_modified_time":"2020-09-25T11:49:12+00:00","og_image":[{"width":2048,"height":1365,"url":"https:\/\/www.kontakt-elektro.hu\/wp-content\/uploads\/2020\/08\/Hajo-a-telephelyen.jpg","type":"image\/jpeg"}],"author":"W5Labs","twitter_card":"summary_large_image","twitter_misc":{"Szerz\u0151:":"W5Labs","Becs\u00fclt olvas\u00e1si id\u0151":"2 perc"},"schema":{"@context":"https:\/\/schema.org","@graph":[{"@type":"Article","@id":"https:\/\/www.kontakt-elektro.hu\/hirek\/hajozzunk-hidrogennel\/#article","isPartOf":{"@id":"https:\/\/www.kontakt-elektro.hu\/hirek\/hajozzunk-hidrogennel\/"},"author":{"name":"W5Labs","@id":"https:\/\/www.kontakt-elektro.hu\/#\/schema\/person\/232cdd3f357932d0a3d723c68b15b6de"},"headline":"HAJ\u00d3ZZUNK HIDROG\u00c9NNEL!","datePublished":"2020-09-04T08:12:37+00:00","dateModified":"2020-09-25T11:49:12+00:00","mainEntityOfPage":{"@id":"https:\/\/www.kontakt-elektro.hu\/hirek\/hajozzunk-hidrogennel\/"},"wordCount":314,"commentCount":0,"publisher":{"@id":"https:\/\/www.kontakt-elektro.hu\/#organization"},"image":{"@id":"https:\/\/www.kontakt-elektro.hu\/hirek\/hajozzunk-hidrogennel\/#primaryimage"},"thumbnailUrl":"https:\/\/www.kontakt-elektro.hu\/wp-content\/uploads\/2020\/08\/Hajo-a-telephelyen.jpg","articleSection":["H\u00edrek"],"inLanguage":"hu","potentialAction":[{"@type":"CommentAction","name":"Comment","target":["https:\/\/www.kontakt-elektro.hu\/hirek\/hajozzunk-hidrogennel\/#respond"]}]},{"@type":"WebPage","@id":"https:\/\/www.kontakt-elektro.hu\/hirek\/hajozzunk-hidrogennel\/","url":"https:\/\/www.kontakt-elektro.hu\/hirek\/hajozzunk-hidrogennel\/","name":"HAJ\u00d3ZZUNK HIDROG\u00c9NNEL! - Kontakt Elektro","isPartOf":{"@id":"https:\/\/www.kontakt-elektro.hu\/#website"},"primaryImageOfPage":{"@id":"https:\/\/www.kontakt-elektro.hu\/hirek\/hajozzunk-hidrogennel\/#primaryimage"},"image":{"@id":"https:\/\/www.kontakt-elektro.hu\/hirek\/hajozzunk-hidrogennel\/#primaryimage"},"thumbnailUrl":"https:\/\/www.kontakt-elektro.hu\/wp-content\/uploads\/2020\/08\/Hajo-a-telephelyen.jpg","datePublished":"2020-09-04T08:12:37+00:00","dateModified":"2020-09-25T11:49:12+00:00","breadcrumb":{"@id":"https:\/\/www.kontakt-elektro.hu\/hirek\/hajozzunk-hidrogennel\/#breadcrumb"},"inLanguage":"hu","potentialAction":[{"@type":"ReadAction","target":["https:\/\/www.kontakt-elektro.hu\/hirek\/hajozzunk-hidrogennel\/"]}]},{"@type":"ImageObject","inLanguage":"hu","@id":"https:\/\/www.kontakt-elektro.hu\/hirek\/hajozzunk-hidrogennel\/#primaryimage","url":"https:\/\/www.kontakt-elektro.hu\/wp-content\/uploads\/2020\/08\/Hajo-a-telephelyen.jpg","contentUrl":"https:\/\/www.kontakt-elektro.hu\/wp-content\/uploads\/2020\/08\/Hajo-a-telephelyen.jpg","width":2048,"height":1365},{"@type":"BreadcrumbList","@id":"https:\/\/www.kontakt-elektro.hu\/hirek\/hajozzunk-hidrogennel\/#breadcrumb","itemListElement":[{"@type":"ListItem","position":1,"name":"kezd\u0151lap","item":"https:\/\/www.kontakt-elektro.hu\/"},{"@type":"ListItem","position":2,"name":"HAJ\u00d3ZZUNK HIDROG\u00c9NNEL!"}]},{"@type":"WebSite","@id":"https:\/\/www.kontakt-elektro.hu\/#website","url":"https:\/\/www.kontakt-elektro.hu\/","name":"Kontakt Elektro","description":"","publisher":{"@id":"https:\/\/www.kontakt-elektro.hu\/#organization"},"potentialAction":[{"@type":"SearchAction","target":{"@type":"EntryPoint","urlTemplate":"https:\/\/www.kontakt-elektro.hu\/?s={search_term_string}"},"query-input":{"@type":"PropertyValueSpecification","valueRequired":true,"valueName":"search_term_string"}}],"inLanguage":"hu"},{"@type":"Organization","@id":"https:\/\/www.kontakt-elektro.hu\/#organization","name":"Kontakt Elektro","url":"https:\/\/www.kontakt-elektro.hu\/","logo":{"@type":"ImageObject","inLanguage":"hu","@id":"https:\/\/www.kontakt-elektro.hu\/#\/schema\/logo\/image\/","url":"https:\/\/www.kontakt-elektro.hu\/wp-content\/uploads\/2021\/05\/Kontakt-Elektro.jpg","contentUrl":"https:\/\/www.kontakt-elektro.hu\/wp-content\/uploads\/2021\/05\/Kontakt-Elektro.jpg","width":1200,"height":630,"caption":"Kontakt Elektro"},"image":{"@id":"https:\/\/www.kontakt-elektro.hu\/#\/schema\/logo\/image\/"},"sameAs":["https:\/\/www.facebook.com\/KONTAKT.Elektro.Kft\/","https:\/\/www.linkedin.com\/company\/kontakt-elektro-ltd."]},{"@type":"Person","@id":"https:\/\/www.kontakt-elektro.hu\/#\/schema\/person\/232cdd3f357932d0a3d723c68b15b6de","name":"W5Labs","image":{"@type":"ImageObject","inLanguage":"hu","@id":"https:\/\/secure.gravatar.com\/avatar\/c914d93a6016ea0a2a73a82454558da6ca0797ad3535fdc29409b35a0e0ef6c5?s=96&d=mm&r=g","url":"https:\/\/secure.gravatar.com\/avatar\/c914d93a6016ea0a2a73a82454558da6ca0797ad3535fdc29409b35a0e0ef6c5?s=96&d=mm&r=g","contentUrl":"https:\/\/secure.gravatar.com\/avatar\/c914d93a6016ea0a2a73a82454558da6ca0797ad3535fdc29409b35a0e0ef6c5?s=96&d=mm&r=g","caption":"W5Labs"},"url":"https:\/\/www.kontakt-elektro.hu\/hu\/author\/remco\/"}]}},"_links":{"self":[{"href":"https:\/\/www.kontakt-elektro.hu\/hu\/wp-json\/wp\/v2\/posts\/83124","targetHints":{"allow":["GET"]}}],"collection":[{"href":"https:\/\/www.kontakt-elektro.hu\/hu\/wp-json\/wp\/v2\/posts"}],"about":[{"href":"https:\/\/www.kontakt-elektro.hu\/hu\/wp-json\/wp\/v2\/types\/post"}],"author":[{"embeddable":true,"href":"https:\/\/www.kontakt-elektro.hu\/hu\/wp-json\/wp\/v2\/users\/2"}],"replies":[{"embeddable":true,"href":"https:\/\/www.kontakt-elektro.hu\/hu\/wp-json\/wp\/v2\/comments?post=83124"}],"version-history":[{"count":0,"href":"https:\/\/www.kontakt-elektro.hu\/hu\/wp-json\/wp\/v2\/posts\/83124\/revisions"}],"wp:featuredmedia":[{"embeddable":true,"href":"https:\/\/www.kontakt-elektro.hu\/hu\/wp-json\/wp\/v2\/media\/83331"}],"wp:attachment":[{"href":"https:\/\/www.kontakt-elektro.hu\/hu\/wp-json\/wp\/v2\/media?parent=83124"}],"wp:term":[{"taxonomy":"category","embeddable":true,"href":"https:\/\/www.kontakt-elektro.hu\/hu\/wp-json\/wp\/v2\/categories?post=83124"},{"taxonomy":"post_tag","embeddable":true,"href":"https:\/\/www.kontakt-elektro.hu\/hu\/wp-json\/wp\/v2\/tags?post=83124"}],"curies":[{"name":"wp","href":"https:\/\/api.w.org\/{rel}","templated":true}]}}