{"id":83122,"date":"2020-08-18T10:11:55","date_gmt":"2020-08-18T08:11:55","guid":{"rendered":"http:\/\/www.kontakt-elektro.hu\/?p=83122"},"modified":"2020-09-25T13:48:37","modified_gmt":"2020-09-25T11:48:37","slug":"koronavirus-jarvany-idejen-ervenyes","status":"publish","type":"post","link":"https:\/\/www.kontakt-elektro.hu\/hu\/kiemelt-hir\/koronavirus-jarvany-idejen-ervenyes\/","title":{"rendered":"Koronav\u00edrus j\u00e1rv\u00e1ny idej\u00e9n \u00e9rv\u00e9nyes"},"content":{"rendered":"<div class=\"wpb-content-wrapper\"><p>[vc_row row_height_percent=&#8221;0&#8243; override_padding=&#8221;yes&#8221; h_padding=&#8221;2&#8243; top_padding=&#8221;3&#8243; bottom_padding=&#8221;3&#8243; overlay_alpha=&#8221;50&#8243; gutter_size=&#8221;3&#8243; column_width_use_pixel=&#8221;yes&#8221; shift_y=&#8221;0&#8243; z_index=&#8221;0&#8243; column_width_pixel=&#8221;800&#8243;][vc_column width=&#8221;1\/1&#8243;][vc_column_text]<\/p>\n<h4><strong>L\u00e1togat\u00e1si rend a KONTAKT-Elektro Kft. telephely\u00e9n<\/strong><\/h4>\n<h5><strong>Alkalomszer\u0171 l\u00e1togat\u00e1sokra vonatkoz\u00f3 el\u0151\u00edr\u00e1sok<\/strong><\/h5>\n<ol>\n<li>L\u00e1togat\u00e1s kiz\u00e1r\u00f3lag a fogad\u00f3 szem\u00e9llyel folytatott el\u0151zetes egyeztet\u00e9s \u00e9s a fogad\u00f3 szem\u00e9ly \u00edr\u00e1sbeli visszajelz\u00e9se alapj\u00e1n lehets\u00e9ges.<\/li>\n<li>\u00c9rkez\u00e9skor az \u00e9p\u00fcletbe kiz\u00e1r\u00f3lag a Recepci\u00f3n kereszt\u00fcl lehet bel\u00e9pni!<\/li>\n<li>A L\u00e1togat\u00f3i Nyilatkozatot a Recepci\u00f3n k\u00f6telez\u0151 kit\u00f6lteni, illetve el\u0151zetes kit\u00f6lt\u00e9s eset\u00e9n Ennek hi\u00e1ny\u00e1ban az \u00e9p\u00fcletbe bel\u00e9pni tilos!<\/li>\n<li>A fogad\u00f3 szem\u00e9lyt a Recepci\u00f3n k\u00f6telez\u0151 megv\u00e1rni. A L\u00e1togat\u00f3i Nyilatkozat kit\u00f6lt\u00e9se\/lead\u00e1sa ut\u00e1n a l\u00e1togat\u00f3t a fogad\u00f3 szem\u00e9ly bek\u00eds\u00e9ri az \u00e9p\u00fcletbe, majd a l\u00e1togat\u00e1s v\u00e9g\u00e9n a Recepci\u00f3ra.<\/li>\n<li>A KONTAKT-Elektro Kft. telephely\u00e9n a recepci\u00f3n, a f\u00f6ldszinti t\u00e1rgyal\u00f3n, az emeleti kist\u00e1rgyal\u00f3n, illetve a hozz\u00e1juk tartoz\u00f3 mell\u00e9khelyis\u00e9geken k\u00edv\u00fcl csak \u00edr\u00e1sos \u00fcgyvezet\u0151i enged\u00e9llyel lehet tart\u00f3zkodni. Az \u00fcgyvezet\u0151i enged\u00e9lyt a kontaktszem\u00e9llyel folytatott el\u0151zetes megbesz\u00e9l\u00e9s sor\u00e1n lehet ig\u00e9nyelni.<\/li>\n<li>A k\u00e9zfog\u00e1st \u00e9s egy\u00e9b testkontaktust ker\u00fclni kell.<\/li>\n<li>Mell\u00e9khelyis\u00e9gek haszn\u00e1latakor k\u00f6telez\u0151 a kihelyezett fert\u0151tlen\u00edt\u0151vel t\u00f6rt\u00e9n\u0151 k\u00e9zmos\u00e1s.<\/li>\n<li>A pap\u00edr alap\u00fa eszk\u00f6z\u00f6k (dokumentumok, k\u00e9szp\u00e9nz, stb.) haszn\u00e1lat\u00e1t ker\u00fclni kell.<\/li>\n<\/ol>\n<h5><strong>Rendszeres l\u00e1togat\u00e1sokra vonatkoz\u00f3 el\u0151\u00edr\u00e1sok (\u00e1ru\u00e1tad\u00e1s-\u00e1tv\u00e9tel, szolg\u00e1ltat\u00e1sok, stb.)<\/strong><\/h5>\n<ol>\n<li>\u00c9rkez\u00e9s a telephelyre:<span style=\"text-decoration: underline;\"> Kereskedelmi \u00e1ru\u00e1tad\u00e1s-\u00e1tv\u00e9tel eset\u00e9n k\u00e9rj\u00fck<\/span>, hogy a telephelyre val\u00f3 \u00e9rkez\u00e9st k\u00f6vet\u0151en a f\u0151\u00e9p\u00fclet \u00e9szaki r\u00e9sz\u00e9n l\u00e9v\u0151 \u00e1rukiad\u00f3 ajtaja el\u0151tt v\u00e1rakozzanak, \u00e9s csenget\u00e9ssel jelezz\u00e9k \u00e9rkez\u00e9s\u00fcket. Koll\u00e9g\u00e1ink \u00e1t fogj\u00e1k adni az el\u0151re megrendelt term\u00e9kekhez tartoz\u00f3 \u00e1ruk\u00eds\u00e9r\u0151 bizonylatot\/sz\u00e1ll\u00edt\u00f3levelet\/sz\u00e1ml\u00e1t, \u00e9s eligaz\u00edt\u00e1st ny\u00fajtanak a tov\u00e1bbi teend\u0151kr\u0151l az \u00e1ru\u00e1tv\u00e9tellel kapcsolatban. A telephely \u00e9s az \u00e9p\u00fcletek egy\u00e9b r\u00e9szeibe bel\u00e9pni tilos!Az \u00e1ruk\u00eds\u00e9r\u0151 bizonylatok megl\u00e9te mellett az \u00e1ruk fizikai \u00e1tad\u00e1s\u00e1ra-\u00e1tv\u00e9tel\u00e9re a rakt\u00e1r bej\u00e1rata el\u0151tt biztos\u00edtunk lehet\u0151s\u00e9get.<span style=\"text-decoration: underline;\">Egy\u00e9b esetekben<\/span> (egy\u00e9b sz\u00e1ll\u00edt\u00e1s, szolg\u00e1ltat\u00e1sok, stb.) az \u00e9p\u00fcletbe kiz\u00e1r\u00f3lag a Recepci\u00f3n kereszt\u00fcl lehet bel\u00e9pni! A telephely \u00e9s az \u00e9p\u00fcletek egy\u00e9b r\u00e9szeibe bel\u00e9pni tilos!<span style=\"text-decoration: underline;\">\u00c9telfut\u00e1rok<\/span> az \u00e9p\u00fcletekbe nem l\u00e9phetnek be. \u00c9telsz\u00e1ll\u00edtm\u00e1nyok \u00e1tad\u00e1s-\u00e1tv\u00e9tele kiz\u00e1r\u00f3lag az udvaron lehets\u00e9ges. A rendel\u0151 szem\u00e9ly erre h\u00edvja fel az \u00e9telfut\u00e1r figyelm\u00e9t. Fizet\u00e9s k\u00e9szp\u00e9nzzel nem, csak el\u0151re utal\u00e1ssal vagy k\u00e1rty\u00e1val lehets\u00e9ges.<\/li>\n<\/ol>\n<ol start=\"2\">\n<li>A k\u00e9szp\u00e9nzes fizet\u00e9s lehet\u0151s\u00e9g\u00e9t hat\u00e1rozatlan ideig sz\u00fcneteltetj\u00fck, \u00edgy Partnereinknek az elektronikus fizet\u00e9si megold\u00e1sok haszn\u00e1lat\u00e1t javasoljuk.<\/li>\n<li>A k\u00e9zfog\u00e1st \u00e9s egy\u00e9b testkontaktust ker\u00fclni kell.<\/li>\n<li>A mell\u00e9khelyis\u00e9gek haszn\u00e1lat\u00e1ra enged\u00e9lyt kell k\u00e9rni. Haszn\u00e1lat ut\u00e1n k\u00f6telez\u0151 a kihelyezett fert\u0151tlen\u00edt\u0151vel t\u00f6rt\u00e9n\u0151 k\u00e9zmos\u00e1s.<\/li>\n<\/ol>\n<p style=\"text-align: right;\">P\u00e9cs, 2020. 09. 01.<\/p>\n<p>[\/vc_column_text][\/vc_column][\/vc_row][vc_row row_height_percent=&#8221;0&#8243; override_padding=&#8221;yes&#8221; h_padding=&#8221;2&#8243; top_padding=&#8221;2&#8243; bottom_padding=&#8221;3&#8243; overlay_alpha=&#8221;50&#8243; gutter_size=&#8221;3&#8243; column_width_percent=&#8221;100&#8243; shift_y=&#8221;0&#8243; z_index=&#8221;0&#8243;][vc_column column_width_percent=&#8221;100&#8243; gutter_size=&#8221;2&#8243; overlay_alpha=&#8221;50&#8243; shift_x=&#8221;0&#8243; shift_y=&#8221;0&#8243; shift_y_down=&#8221;0&#8243; z_index=&#8221;0&#8243; medium_width=&#8221;0&#8243; mobile_width=&#8221;0&#8243; width=&#8221;1\/1&#8243;][vc_column_text el_class=&#8221;section-title&#8221;]<b>Tov\u00e1bbi\u00a0h\u00edrek<\/b>[\/vc_column_text][vc_separator sep_color=&#8221;color-133154&#8243; el_height=&#8221;1px&#8221;][vc_empty_space empty_h=&#8221;2&#8243;][uncode_index el_id=&#8221;index-131091&#8243; loop=&#8221;size:4|order_by:date|post_type:post|categories:172&#8243; gutter_size=&#8221;3&#8243; post_items=&#8221;media|featured|onpost|original,title,text|excerpt|90&#8243; screen_lg=&#8221;1000&#8243; screen_md=&#8221;600&#8243; screen_sm=&#8221;480&#8243; single_width=&#8221;3&#8243; images_size=&#8221;two-one&#8221; single_overlay_opacity=&#8221;50&#8243; single_overlay_anim=&#8221;no&#8221; single_padding=&#8221;2&#8243; single_title_semantic=&#8221;h4&#8243; single_title_dimension=&#8221;h4&#8243; single_title_weight=&#8221;700&#8243;][\/vc_column][\/vc_row][vc_row unlock_row_content=&#8221;yes&#8221; row_height_percent=&#8221;0&#8243; override_padding=&#8221;yes&#8221; h_padding=&#8221;0&#8243; top_padding=&#8221;2&#8243; bottom_padding=&#8221;2&#8243; overlay_alpha=&#8221;50&#8243; gutter_size=&#8221;3&#8243; column_width_percent=&#8221;100&#8243; shift_y=&#8221;0&#8243; z_index=&#8221;0&#8243;][vc_column width=&#8221;1\/1&#8243;][uncode_block id=&#8221;83020&#8243;][\/vc_column][\/vc_row]<\/p>\n<\/div>","protected":false},"excerpt":{"rendered":"<p>L\u00e1togat\u00e1si rend a KONTAKT-Elektro Kft. telephely\u00e9n<\/p>\n","protected":false},"author":2,"featured_media":83730,"comment_status":"open","ping_status":"open","sticky":false,"template":"","format":"standard","meta":{"_acf_changed":false,"footnotes":""},"categories":[174],"tags":[],"class_list":["post-83122","post","type-post","status-publish","format-standard","has-post-thumbnail","hentry","category-kiemelt-hir"],"acf":[],"yoast_head":"<!-- This site is optimized with the Yoast SEO plugin v27.5 - https:\/\/yoast.com\/product\/yoast-seo-wordpress\/ -->\n<title>Koronav\u00edrus j\u00e1rv\u00e1ny idej\u00e9n \u00e9rv\u00e9nyes - Kontakt Elektro<\/title>\n<meta name=\"robots\" content=\"index, follow, max-snippet:-1, max-image-preview:large, max-video-preview:-1\" \/>\n<link rel=\"canonical\" href=\"https:\/\/www.kontakt-elektro.hu\/kiemelt-hir\/koronavirus-jarvany-idejen-ervenyes\/\" \/>\n<meta property=\"og:locale\" content=\"hu_HU\" \/>\n<meta property=\"og:type\" content=\"article\" \/>\n<meta property=\"og:title\" content=\"Koronav\u00edrus j\u00e1rv\u00e1ny idej\u00e9n \u00e9rv\u00e9nyes - Kontakt Elektro\" \/>\n<meta property=\"og:description\" content=\"L\u00e1togat\u00e1si rend a KONTAKT-Elektro Kft. telephely\u00e9n\" \/>\n<meta property=\"og:url\" content=\"https:\/\/www.kontakt-elektro.hu\/kiemelt-hir\/koronavirus-jarvany-idejen-ervenyes\/\" \/>\n<meta property=\"og:site_name\" content=\"Kontakt Elektro\" \/>\n<meta property=\"article:publisher\" content=\"https:\/\/www.facebook.com\/KONTAKT.Elektro.Kft\/\" \/>\n<meta property=\"article:published_time\" content=\"2020-08-18T08:11:55+00:00\" \/>\n<meta property=\"article:modified_time\" content=\"2020-09-25T11:48:37+00:00\" \/>\n<meta property=\"og:image\" content=\"https:\/\/www.kontakt-elektro.hu\/wp-content\/uploads\/2020\/08\/covid-news.png\" \/>\n\t<meta property=\"og:image:width\" content=\"1101\" \/>\n\t<meta property=\"og:image:height\" content=\"425\" \/>\n\t<meta property=\"og:image:type\" content=\"image\/png\" \/>\n<meta name=\"author\" content=\"W5Labs\" \/>\n<meta name=\"twitter:card\" content=\"summary_large_image\" \/>\n<meta name=\"twitter:label1\" content=\"Szerz\u0151:\" \/>\n\t<meta name=\"twitter:data1\" content=\"W5Labs\" \/>\n\t<meta name=\"twitter:label2\" content=\"Becs\u00fclt olvas\u00e1si id\u0151\" \/>\n\t<meta name=\"twitter:data2\" content=\"4 perc\" \/>\n<script type=\"application\/ld+json\" class=\"yoast-schema-graph\">{\"@context\":\"https:\\\/\\\/schema.org\",\"@graph\":[{\"@type\":\"Article\",\"@id\":\"https:\\\/\\\/www.kontakt-elektro.hu\\\/kiemelt-hir\\\/koronavirus-jarvany-idejen-ervenyes\\\/#article\",\"isPartOf\":{\"@id\":\"https:\\\/\\\/www.kontakt-elektro.hu\\\/kiemelt-hir\\\/koronavirus-jarvany-idejen-ervenyes\\\/\"},\"author\":{\"name\":\"W5Labs\",\"@id\":\"https:\\\/\\\/www.kontakt-elektro.hu\\\/#\\\/schema\\\/person\\\/232cdd3f357932d0a3d723c68b15b6de\"},\"headline\":\"Koronav\u00edrus j\u00e1rv\u00e1ny idej\u00e9n \u00e9rv\u00e9nyes\",\"datePublished\":\"2020-08-18T08:11:55+00:00\",\"dateModified\":\"2020-09-25T11:48:37+00:00\",\"mainEntityOfPage\":{\"@id\":\"https:\\\/\\\/www.kontakt-elektro.hu\\\/kiemelt-hir\\\/koronavirus-jarvany-idejen-ervenyes\\\/\"},\"wordCount\":785,\"commentCount\":0,\"publisher\":{\"@id\":\"https:\\\/\\\/www.kontakt-elektro.hu\\\/#organization\"},\"image\":{\"@id\":\"https:\\\/\\\/www.kontakt-elektro.hu\\\/kiemelt-hir\\\/koronavirus-jarvany-idejen-ervenyes\\\/#primaryimage\"},\"thumbnailUrl\":\"https:\\\/\\\/www.kontakt-elektro.hu\\\/wp-content\\\/uploads\\\/2020\\\/08\\\/covid-news.png\",\"articleSection\":[\"Kiemelt h\u00edr\"],\"inLanguage\":\"hu\",\"potentialAction\":[{\"@type\":\"CommentAction\",\"name\":\"Comment\",\"target\":[\"https:\\\/\\\/www.kontakt-elektro.hu\\\/kiemelt-hir\\\/koronavirus-jarvany-idejen-ervenyes\\\/#respond\"]}]},{\"@type\":\"WebPage\",\"@id\":\"https:\\\/\\\/www.kontakt-elektro.hu\\\/kiemelt-hir\\\/koronavirus-jarvany-idejen-ervenyes\\\/\",\"url\":\"https:\\\/\\\/www.kontakt-elektro.hu\\\/kiemelt-hir\\\/koronavirus-jarvany-idejen-ervenyes\\\/\",\"name\":\"Koronav\u00edrus j\u00e1rv\u00e1ny idej\u00e9n \u00e9rv\u00e9nyes - Kontakt Elektro\",\"isPartOf\":{\"@id\":\"https:\\\/\\\/www.kontakt-elektro.hu\\\/#website\"},\"primaryImageOfPage\":{\"@id\":\"https:\\\/\\\/www.kontakt-elektro.hu\\\/kiemelt-hir\\\/koronavirus-jarvany-idejen-ervenyes\\\/#primaryimage\"},\"image\":{\"@id\":\"https:\\\/\\\/www.kontakt-elektro.hu\\\/kiemelt-hir\\\/koronavirus-jarvany-idejen-ervenyes\\\/#primaryimage\"},\"thumbnailUrl\":\"https:\\\/\\\/www.kontakt-elektro.hu\\\/wp-content\\\/uploads\\\/2020\\\/08\\\/covid-news.png\",\"datePublished\":\"2020-08-18T08:11:55+00:00\",\"dateModified\":\"2020-09-25T11:48:37+00:00\",\"breadcrumb\":{\"@id\":\"https:\\\/\\\/www.kontakt-elektro.hu\\\/kiemelt-hir\\\/koronavirus-jarvany-idejen-ervenyes\\\/#breadcrumb\"},\"inLanguage\":\"hu\",\"potentialAction\":[{\"@type\":\"ReadAction\",\"target\":[\"https:\\\/\\\/www.kontakt-elektro.hu\\\/kiemelt-hir\\\/koronavirus-jarvany-idejen-ervenyes\\\/\"]}]},{\"@type\":\"ImageObject\",\"inLanguage\":\"hu\",\"@id\":\"https:\\\/\\\/www.kontakt-elektro.hu\\\/kiemelt-hir\\\/koronavirus-jarvany-idejen-ervenyes\\\/#primaryimage\",\"url\":\"https:\\\/\\\/www.kontakt-elektro.hu\\\/wp-content\\\/uploads\\\/2020\\\/08\\\/covid-news.png\",\"contentUrl\":\"https:\\\/\\\/www.kontakt-elektro.hu\\\/wp-content\\\/uploads\\\/2020\\\/08\\\/covid-news.png\",\"width\":1101,\"height\":425},{\"@type\":\"BreadcrumbList\",\"@id\":\"https:\\\/\\\/www.kontakt-elektro.hu\\\/kiemelt-hir\\\/koronavirus-jarvany-idejen-ervenyes\\\/#breadcrumb\",\"itemListElement\":[{\"@type\":\"ListItem\",\"position\":1,\"name\":\"kezd\u0151lap\",\"item\":\"https:\\\/\\\/www.kontakt-elektro.hu\\\/\"},{\"@type\":\"ListItem\",\"position\":2,\"name\":\"Koronav\u00edrus j\u00e1rv\u00e1ny idej\u00e9n \u00e9rv\u00e9nyes\"}]},{\"@type\":\"WebSite\",\"@id\":\"https:\\\/\\\/www.kontakt-elektro.hu\\\/#website\",\"url\":\"https:\\\/\\\/www.kontakt-elektro.hu\\\/\",\"name\":\"Kontakt Elektro\",\"description\":\"\",\"publisher\":{\"@id\":\"https:\\\/\\\/www.kontakt-elektro.hu\\\/#organization\"},\"potentialAction\":[{\"@type\":\"SearchAction\",\"target\":{\"@type\":\"EntryPoint\",\"urlTemplate\":\"https:\\\/\\\/www.kontakt-elektro.hu\\\/?s={search_term_string}\"},\"query-input\":{\"@type\":\"PropertyValueSpecification\",\"valueRequired\":true,\"valueName\":\"search_term_string\"}}],\"inLanguage\":\"hu\"},{\"@type\":\"Organization\",\"@id\":\"https:\\\/\\\/www.kontakt-elektro.hu\\\/#organization\",\"name\":\"Kontakt Elektro\",\"url\":\"https:\\\/\\\/www.kontakt-elektro.hu\\\/\",\"logo\":{\"@type\":\"ImageObject\",\"inLanguage\":\"hu\",\"@id\":\"https:\\\/\\\/www.kontakt-elektro.hu\\\/#\\\/schema\\\/logo\\\/image\\\/\",\"url\":\"https:\\\/\\\/www.kontakt-elektro.hu\\\/wp-content\\\/uploads\\\/2021\\\/05\\\/Kontakt-Elektro.jpg\",\"contentUrl\":\"https:\\\/\\\/www.kontakt-elektro.hu\\\/wp-content\\\/uploads\\\/2021\\\/05\\\/Kontakt-Elektro.jpg\",\"width\":1200,\"height\":630,\"caption\":\"Kontakt Elektro\"},\"image\":{\"@id\":\"https:\\\/\\\/www.kontakt-elektro.hu\\\/#\\\/schema\\\/logo\\\/image\\\/\"},\"sameAs\":[\"https:\\\/\\\/www.facebook.com\\\/KONTAKT.Elektro.Kft\\\/\",\"https:\\\/\\\/www.linkedin.com\\\/company\\\/kontakt-elektro-ltd.\"]},{\"@type\":\"Person\",\"@id\":\"https:\\\/\\\/www.kontakt-elektro.hu\\\/#\\\/schema\\\/person\\\/232cdd3f357932d0a3d723c68b15b6de\",\"name\":\"W5Labs\",\"image\":{\"@type\":\"ImageObject\",\"inLanguage\":\"hu\",\"@id\":\"https:\\\/\\\/secure.gravatar.com\\\/avatar\\\/c914d93a6016ea0a2a73a82454558da6ca0797ad3535fdc29409b35a0e0ef6c5?s=96&d=mm&r=g\",\"url\":\"https:\\\/\\\/secure.gravatar.com\\\/avatar\\\/c914d93a6016ea0a2a73a82454558da6ca0797ad3535fdc29409b35a0e0ef6c5?s=96&d=mm&r=g\",\"contentUrl\":\"https:\\\/\\\/secure.gravatar.com\\\/avatar\\\/c914d93a6016ea0a2a73a82454558da6ca0797ad3535fdc29409b35a0e0ef6c5?s=96&d=mm&r=g\",\"caption\":\"W5Labs\"},\"url\":\"https:\\\/\\\/www.kontakt-elektro.hu\\\/hu\\\/author\\\/remco\\\/\"}]}<\/script>\n<!-- \/ Yoast SEO plugin. -->","yoast_head_json":{"title":"Koronav\u00edrus j\u00e1rv\u00e1ny idej\u00e9n \u00e9rv\u00e9nyes - Kontakt Elektro","robots":{"index":"index","follow":"follow","max-snippet":"max-snippet:-1","max-image-preview":"max-image-preview:large","max-video-preview":"max-video-preview:-1"},"canonical":"https:\/\/www.kontakt-elektro.hu\/kiemelt-hir\/koronavirus-jarvany-idejen-ervenyes\/","og_locale":"hu_HU","og_type":"article","og_title":"Koronav\u00edrus j\u00e1rv\u00e1ny idej\u00e9n \u00e9rv\u00e9nyes - Kontakt Elektro","og_description":"L\u00e1togat\u00e1si rend a KONTAKT-Elektro Kft. telephely\u00e9n","og_url":"https:\/\/www.kontakt-elektro.hu\/kiemelt-hir\/koronavirus-jarvany-idejen-ervenyes\/","og_site_name":"Kontakt Elektro","article_publisher":"https:\/\/www.facebook.com\/KONTAKT.Elektro.Kft\/","article_published_time":"2020-08-18T08:11:55+00:00","article_modified_time":"2020-09-25T11:48:37+00:00","og_image":[{"width":1101,"height":425,"url":"https:\/\/www.kontakt-elektro.hu\/wp-content\/uploads\/2020\/08\/covid-news.png","type":"image\/png"}],"author":"W5Labs","twitter_card":"summary_large_image","twitter_misc":{"Szerz\u0151:":"W5Labs","Becs\u00fclt olvas\u00e1si id\u0151":"4 perc"},"schema":{"@context":"https:\/\/schema.org","@graph":[{"@type":"Article","@id":"https:\/\/www.kontakt-elektro.hu\/kiemelt-hir\/koronavirus-jarvany-idejen-ervenyes\/#article","isPartOf":{"@id":"https:\/\/www.kontakt-elektro.hu\/kiemelt-hir\/koronavirus-jarvany-idejen-ervenyes\/"},"author":{"name":"W5Labs","@id":"https:\/\/www.kontakt-elektro.hu\/#\/schema\/person\/232cdd3f357932d0a3d723c68b15b6de"},"headline":"Koronav\u00edrus j\u00e1rv\u00e1ny idej\u00e9n \u00e9rv\u00e9nyes","datePublished":"2020-08-18T08:11:55+00:00","dateModified":"2020-09-25T11:48:37+00:00","mainEntityOfPage":{"@id":"https:\/\/www.kontakt-elektro.hu\/kiemelt-hir\/koronavirus-jarvany-idejen-ervenyes\/"},"wordCount":785,"commentCount":0,"publisher":{"@id":"https:\/\/www.kontakt-elektro.hu\/#organization"},"image":{"@id":"https:\/\/www.kontakt-elektro.hu\/kiemelt-hir\/koronavirus-jarvany-idejen-ervenyes\/#primaryimage"},"thumbnailUrl":"https:\/\/www.kontakt-elektro.hu\/wp-content\/uploads\/2020\/08\/covid-news.png","articleSection":["Kiemelt h\u00edr"],"inLanguage":"hu","potentialAction":[{"@type":"CommentAction","name":"Comment","target":["https:\/\/www.kontakt-elektro.hu\/kiemelt-hir\/koronavirus-jarvany-idejen-ervenyes\/#respond"]}]},{"@type":"WebPage","@id":"https:\/\/www.kontakt-elektro.hu\/kiemelt-hir\/koronavirus-jarvany-idejen-ervenyes\/","url":"https:\/\/www.kontakt-elektro.hu\/kiemelt-hir\/koronavirus-jarvany-idejen-ervenyes\/","name":"Koronav\u00edrus j\u00e1rv\u00e1ny idej\u00e9n \u00e9rv\u00e9nyes - Kontakt Elektro","isPartOf":{"@id":"https:\/\/www.kontakt-elektro.hu\/#website"},"primaryImageOfPage":{"@id":"https:\/\/www.kontakt-elektro.hu\/kiemelt-hir\/koronavirus-jarvany-idejen-ervenyes\/#primaryimage"},"image":{"@id":"https:\/\/www.kontakt-elektro.hu\/kiemelt-hir\/koronavirus-jarvany-idejen-ervenyes\/#primaryimage"},"thumbnailUrl":"https:\/\/www.kontakt-elektro.hu\/wp-content\/uploads\/2020\/08\/covid-news.png","datePublished":"2020-08-18T08:11:55+00:00","dateModified":"2020-09-25T11:48:37+00:00","breadcrumb":{"@id":"https:\/\/www.kontakt-elektro.hu\/kiemelt-hir\/koronavirus-jarvany-idejen-ervenyes\/#breadcrumb"},"inLanguage":"hu","potentialAction":[{"@type":"ReadAction","target":["https:\/\/www.kontakt-elektro.hu\/kiemelt-hir\/koronavirus-jarvany-idejen-ervenyes\/"]}]},{"@type":"ImageObject","inLanguage":"hu","@id":"https:\/\/www.kontakt-elektro.hu\/kiemelt-hir\/koronavirus-jarvany-idejen-ervenyes\/#primaryimage","url":"https:\/\/www.kontakt-elektro.hu\/wp-content\/uploads\/2020\/08\/covid-news.png","contentUrl":"https:\/\/www.kontakt-elektro.hu\/wp-content\/uploads\/2020\/08\/covid-news.png","width":1101,"height":425},{"@type":"BreadcrumbList","@id":"https:\/\/www.kontakt-elektro.hu\/kiemelt-hir\/koronavirus-jarvany-idejen-ervenyes\/#breadcrumb","itemListElement":[{"@type":"ListItem","position":1,"name":"kezd\u0151lap","item":"https:\/\/www.kontakt-elektro.hu\/"},{"@type":"ListItem","position":2,"name":"Koronav\u00edrus j\u00e1rv\u00e1ny idej\u00e9n \u00e9rv\u00e9nyes"}]},{"@type":"WebSite","@id":"https:\/\/www.kontakt-elektro.hu\/#website","url":"https:\/\/www.kontakt-elektro.hu\/","name":"Kontakt Elektro","description":"","publisher":{"@id":"https:\/\/www.kontakt-elektro.hu\/#organization"},"potentialAction":[{"@type":"SearchAction","target":{"@type":"EntryPoint","urlTemplate":"https:\/\/www.kontakt-elektro.hu\/?s={search_term_string}"},"query-input":{"@type":"PropertyValueSpecification","valueRequired":true,"valueName":"search_term_string"}}],"inLanguage":"hu"},{"@type":"Organization","@id":"https:\/\/www.kontakt-elektro.hu\/#organization","name":"Kontakt Elektro","url":"https:\/\/www.kontakt-elektro.hu\/","logo":{"@type":"ImageObject","inLanguage":"hu","@id":"https:\/\/www.kontakt-elektro.hu\/#\/schema\/logo\/image\/","url":"https:\/\/www.kontakt-elektro.hu\/wp-content\/uploads\/2021\/05\/Kontakt-Elektro.jpg","contentUrl":"https:\/\/www.kontakt-elektro.hu\/wp-content\/uploads\/2021\/05\/Kontakt-Elektro.jpg","width":1200,"height":630,"caption":"Kontakt Elektro"},"image":{"@id":"https:\/\/www.kontakt-elektro.hu\/#\/schema\/logo\/image\/"},"sameAs":["https:\/\/www.facebook.com\/KONTAKT.Elektro.Kft\/","https:\/\/www.linkedin.com\/company\/kontakt-elektro-ltd."]},{"@type":"Person","@id":"https:\/\/www.kontakt-elektro.hu\/#\/schema\/person\/232cdd3f357932d0a3d723c68b15b6de","name":"W5Labs","image":{"@type":"ImageObject","inLanguage":"hu","@id":"https:\/\/secure.gravatar.com\/avatar\/c914d93a6016ea0a2a73a82454558da6ca0797ad3535fdc29409b35a0e0ef6c5?s=96&d=mm&r=g","url":"https:\/\/secure.gravatar.com\/avatar\/c914d93a6016ea0a2a73a82454558da6ca0797ad3535fdc29409b35a0e0ef6c5?s=96&d=mm&r=g","contentUrl":"https:\/\/secure.gravatar.com\/avatar\/c914d93a6016ea0a2a73a82454558da6ca0797ad3535fdc29409b35a0e0ef6c5?s=96&d=mm&r=g","caption":"W5Labs"},"url":"https:\/\/www.kontakt-elektro.hu\/hu\/author\/remco\/"}]}},"_links":{"self":[{"href":"https:\/\/www.kontakt-elektro.hu\/hu\/wp-json\/wp\/v2\/posts\/83122","targetHints":{"allow":["GET"]}}],"collection":[{"href":"https:\/\/www.kontakt-elektro.hu\/hu\/wp-json\/wp\/v2\/posts"}],"about":[{"href":"https:\/\/www.kontakt-elektro.hu\/hu\/wp-json\/wp\/v2\/types\/post"}],"author":[{"embeddable":true,"href":"https:\/\/www.kontakt-elektro.hu\/hu\/wp-json\/wp\/v2\/users\/2"}],"replies":[{"embeddable":true,"href":"https:\/\/www.kontakt-elektro.hu\/hu\/wp-json\/wp\/v2\/comments?post=83122"}],"version-history":[{"count":0,"href":"https:\/\/www.kontakt-elektro.hu\/hu\/wp-json\/wp\/v2\/posts\/83122\/revisions"}],"wp:featuredmedia":[{"embeddable":true,"href":"https:\/\/www.kontakt-elektro.hu\/hu\/wp-json\/wp\/v2\/media\/83730"}],"wp:attachment":[{"href":"https:\/\/www.kontakt-elektro.hu\/hu\/wp-json\/wp\/v2\/media?parent=83122"}],"wp:term":[{"taxonomy":"category","embeddable":true,"href":"https:\/\/www.kontakt-elektro.hu\/hu\/wp-json\/wp\/v2\/categories?post=83122"},{"taxonomy":"post_tag","embeddable":true,"href":"https:\/\/www.kontakt-elektro.hu\/hu\/wp-json\/wp\/v2\/tags?post=83122"}],"curies":[{"name":"wp","href":"https:\/\/api.w.org\/{rel}","templated":true}]}}